{"id":139,"date":"2021-05-04T08:00:34","date_gmt":"2021-05-04T08:00:34","guid":{"rendered":"https:\/\/esmusica.org\/blog\/?p=139"},"modified":"2021-05-04T08:02:22","modified_gmt":"2021-05-04T08:02:22","slug":"guia-ayudas-economicas-inaem-musica-2021","status":"publish","type":"post","link":"https:\/\/esmusica.org\/blog\/guia-ayudas-economicas-inaem-musica-2021\/","title":{"rendered":"Es_M\u00fasica publica la Gu\u00eda sobre las Ayudas Econ\u00f3micas del INAEM destinadas a la M\u00fasica para el 2021"},"content":{"rendered":"<p>Desde Es_M\u00fasica publicamos una <strong>Gu\u00eda sobre las Ayudas del INAEM a la danza, la l\u00edrica y la m\u00fasica correspondientes al a\u00f1o 2021.\u00a0<\/strong>Estas ayudas se convocan <span class=\"JsGRdQ\">bajo el procedimiento de concurrencia competitiva donde la dotaci\u00f3n presupuestaria total este a\u00f1o es de <\/span><span class=\"JsGRdQ\">6.205.482<\/span><span class=\"JsGRdQ\"> euros (en 2020, el presupuesto ascendi\u00f3 a 16.553.482 euros).<br \/>\n<\/span><\/p>\n<p>Desde la Federaci\u00f3n de la M\u00fasica de Espa\u00f1a queremos ayudar en la divulgaci\u00f3n de las ayudas con el objetivo de que dentro del sector se conozca mejor el alcance y condiciones de estas subvenciones.<\/p>\n<p>Se trata de una convocatoria de car\u00e1cter ordinario, suprimiendo las ayudas estructurales que en 2020 se reconoc\u00edan de manera extraordinaria por el <em>\u201cReal Decreto-ley 17\/2020 de 5 de mayo, por el que se aprueban medidas de apoyo al sector cultural y de car\u00e1cter tributario para hacer frente al impacto econ\u00f3mico y social de la COVID19\u201d<\/em>. Tambi\u00e9n desaparece la l\u00ednea espec\u00edficamente dirigida a <strong>salas de conciertos<\/strong> que s\u00ed estaba prevista en 2020. S\u00ed se admiten <strong>gastos de estructura como costes indirectos hasta un 50%<\/strong> del coste total del proyecto subvencionado.<\/p>\n<p>Pueden concurrir perfiles como <strong>artistas, oficinas de management\/booking, promotores musicales, asociaciones sectoriales, fundaciones, ayuntamientos o entidades p\u00fablicas, <\/strong>que a su vez se dividen en tres l\u00edneas, las cuales se explican exhaustivamente en el documento:<\/p>\n<ul>\n<li><strong>L\u00ednea B1.<\/strong> Ayudas a empresas privadas para la realizaci\u00f3n de proyectos de l\u00edrica y m\u00fasica.<\/li>\n<li><span class=\"JsGRdQ\"><strong>L\u00ednea B2.<\/strong> Ayudas a entidades sin \u00e1nimo de lucro para la realizaci\u00f3n de proyectos de l\u00edrica y m\u00fasica.<\/span><\/li>\n<li><span class=\"JsGRdQ\"><strong>L\u00ednea B3.<\/strong> Ayudas a entidades p\u00fablicas para la realizaci\u00f3n de proyectos de l\u00edrica y m\u00fasica.<\/span><\/li>\n<\/ul>\n<p>En lo que respecta al \u00e1mbito de la m\u00fasica, las subvenciones se dirigen a proyectos como giras por Espa\u00f1a; giras en el extranjero; festivales, muestras, cert\u00e1menes y congresos; temporadas l\u00edricas; residencias art\u00edsticas; encargos de composici\u00f3n vinculados a estreno. Tambi\u00e9n se subvencionan actividades anuales destinadas al fortalecimiento del tejido asociativo del sector de la l\u00edrica y la m\u00fasica por parte de entidades sin \u00e1nimo de lucro. Con car\u00e1cter general, dichas actividades deben desarrollarse entre el 1 de enero y el 31 de diciembre de 2021.<strong><br \/>\n<\/strong><\/p>\n<p>Para saber m\u00e1s, puede descargar la <a href=\"https:\/\/esmusica.org\/blog\/wp-content\/uploads\/2021\/05\/Gui\u0301a-Ayudas-INAEM-2021-Es_Mu\u0301sica-SFTL_.pdf\">Gui\u0301a Ayudas INAEM 2021 Es_Mu\u0301sica SFTL_<\/a><\/p>\n","protected":false},"excerpt":{"rendered":"<div class=\"mh-excerpt\"><p>Desde Es_M\u00fasica publicamos una Gu\u00eda sobre las Ayudas del INAEM a la danza, la l\u00edrica y la m\u00fasica correspondientes al a\u00f1o 2021.\u00a0Estas ayudas se convocan <a class=\"mh-excerpt-more\" href=\"https:\/\/esmusica.org\/blog\/guia-ayudas-economicas-inaem-musica-2021\/\" title=\"Es_M\u00fasica publica la Gu\u00eda sobre las Ayudas Econ\u00f3micas del INAEM destinadas a la M\u00fasica para el 2021\">[&#8230;]<\/a><\/p>\n<\/div>","protected":false},"author":1,"featured_media":140,"comment_status":"open","ping_status":"open","sticky":false,"template":"","format":"standard","meta":{"footnotes":""},"categories":[1],"tags":[23,15,22,11,24],"class_list":["post-139","post","type-post","status-publish","format-standard","has-post-thumbnail","hentry","category-sin-categoria","tag-ayudas","tag-ayudas-sector-musica","tag-inaem","tag-ministerio-cultura","tag-subvenciones"],"_links":{"self":[{"href":"https:\/\/esmusica.org\/blog\/wp-json\/wp\/v2\/posts\/139","targetHints":{"allow":["GET"]}}],"collection":[{"href":"https:\/\/esmusica.org\/blog\/wp-json\/wp\/v2\/posts"}],"about":[{"href":"https:\/\/esmusica.org\/blog\/wp-json\/wp\/v2\/types\/post"}],"author":[{"embeddable":true,"href":"https:\/\/esmusica.org\/blog\/wp-json\/wp\/v2\/users\/1"}],"replies":[{"embeddable":true,"href":"https:\/\/esmusica.org\/blog\/wp-json\/wp\/v2\/comments?post=139"}],"version-history":[{"count":5,"href":"https:\/\/esmusica.org\/blog\/wp-json\/wp\/v2\/posts\/139\/revisions"}],"predecessor-version":[{"id":147,"href":"https:\/\/esmusica.org\/blog\/wp-json\/wp\/v2\/posts\/139\/revisions\/147"}],"wp:featuredmedia":[{"embeddable":true,"href":"https:\/\/esmusica.org\/blog\/wp-json\/wp\/v2\/media\/140"}],"wp:attachment":[{"href":"https:\/\/esmusica.org\/blog\/wp-json\/wp\/v2\/media?parent=139"}],"wp:term":[{"taxonomy":"category","embeddable":true,"href":"https:\/\/esmusica.org\/blog\/wp-json\/wp\/v2\/categories?post=139"},{"taxonomy":"post_tag","embeddable":true,"href":"https:\/\/esmusica.org\/blog\/wp-json\/wp\/v2\/tags?post=139"}],"curies":[{"name":"wp","href":"https:\/\/api.w.org\/{rel}","templated":true}]}}