{"id":172,"date":"2021-07-14T10:44:55","date_gmt":"2021-07-14T10:44:55","guid":{"rendered":"https:\/\/esmusica.org\/blog\/?p=172"},"modified":"2021-10-29T05:00:13","modified_gmt":"2021-10-29T05:00:13","slug":"comunicado-es_musica-sobre-el-nuevo-ministro-de-cultura","status":"publish","type":"post","link":"https:\/\/esmusica.org\/blog\/comunicado-es_musica-sobre-el-nuevo-ministro-de-cultura\/","title":{"rendered":"Comunicado Es_M\u00fasica sobre el nuevo Ministro de Cultura"},"content":{"rendered":"<h2 style=\"text-align: center;\"><b>COMUNICADO OFICIAL ES_M\u00daSICA<\/b><\/h2>\n<p>&nbsp;<\/p>\n<p>Madrid, 12 de julio de 2021.<\/p>\n<p><strong>La Federaci\u00f3n de la M\u00fasica de Espa\u00f1a (Es_M\u00fasica) quiere dar la bienvenida p\u00fablicamente al nuevo Ministro de Cultura y Deportes, Miquel Iceta, y mostrarle la total disposici\u00f3n para trabajar conjuntamente por la recuperaci\u00f3n y futuro de la industria musical de nuestro pa\u00eds.<\/strong><\/p>\n<p>La m\u00fasica est\u00e1 llamada a jugar un papel decisivo en la estrategia europea de recuperaci\u00f3n, transformaci\u00f3n y resiliencia. Se trata de una industria con una gran capacidad para generar riqueza y empleo, y que resulta esencial para varios sectores clave de nuestra econom\u00eda, especialmente el audiovisual, tecnol\u00f3gico y turismo.<\/p>\n<p>Resulta imprescindible avanzar hacia la reapertura segura de la m\u00fasica en vivo, pero tambi\u00e9n mejorar el actual marco normativo y desarrollar medidas que impulsen la competitividad de los creadores, profesionales y empresas que componen el sector de la m\u00fasica en Espa\u00f1a.<\/p>\n<p>Dada la naturaleza y caracter\u00edsticas del sector musical (formado por m\u00fasica grabada, explotaci\u00f3n de los derechos de propiedad intelectual y eventos en vivo), es necesario que la m\u00fasica disponga de pol\u00edticas espec\u00edficas dentro del Ministerio de Cultura, como ya ocurre con el sector del cine o del teatro y artes esc\u00e9nicas.<\/p>\n<p>Es_M\u00fasica tiene listo un plan sectorial que ser\u00e1 presentado al nuevo ministro cuando se produzca la primera reuni\u00f3n, con medidas y propuestas para abordar los principales retos y oportunidades de este sector: transposici\u00f3n de la directiva de derechos de autor, protocolos sanitarios para la desescalada, medidas fiscales, financiaci\u00f3n, capital humano, fomento del consumo musical, digitalizaci\u00f3n, internacionalizaci\u00f3n,\u2026<\/p>\n<p>Por todo ello, Es_M\u00fasica invita al nuevo ministro a iniciar una interlocuci\u00f3n y colaboraci\u00f3n, para aportar informaci\u00f3n pr\u00e1ctica y propuestas desde la realidad del sector musical.<\/p>\n<p>&nbsp;<\/p>\n<p><strong>*Sobre Es_M\u00fasica<\/strong><\/p>\n<p>La Federaci\u00f3n de la M\u00fasica de Espa\u00f1a (Es_M\u00fasica) est\u00e1 formada por las entidades sectoriales m\u00e1s representativas de la m\u00fasica espa\u00f1ola, actuando como voz colectiva del sector para representar a m\u00e1s de 150.000 profesionales y empresas como autores e int\u00e9rpretes musicales, promotores de conciertos, festivales, representantes art\u00edsticos, salas de conciertos, productores fonogr\u00e1ficos, editoriales musicales, y otras categor\u00edas profesionales y empresariales relacionadas con la m\u00fasica.<\/p>\n<p style=\"text-align: center;\"><a href=\"https:\/\/esmusica.org\/blog\/wp-content\/uploads\/2021\/07\/12-07-2021-COMUNICADO-ES_MUSICA-SOBRE-EL-NUEVO-MINISTRO-DE-CULTURA.docx\">12-07-2021 &#8211; COMUNICADO ES_M\u00daSICA SOBRE EL NUEVO MINISTRO DE CULTURA<\/a><\/p>\n<p>&nbsp;<\/p>\n","protected":false},"excerpt":{"rendered":"<div class=\"mh-excerpt\"><p>COMUNICADO OFICIAL ES_M\u00daSICA &nbsp; Madrid, 12 de julio de 2021. La Federaci\u00f3n de la M\u00fasica de Espa\u00f1a (Es_M\u00fasica) quiere dar la bienvenida p\u00fablicamente al nuevo <a class=\"mh-excerpt-more\" href=\"https:\/\/esmusica.org\/blog\/comunicado-es_musica-sobre-el-nuevo-ministro-de-cultura\/\" title=\"Comunicado Es_M\u00fasica sobre el nuevo Ministro de Cultura\">[&#8230;]<\/a><\/p>\n<\/div>","protected":false},"author":1,"featured_media":173,"comment_status":"open","ping_status":"open","sticky":false,"template":"","format":"standard","meta":{"footnotes":""},"categories":[1],"tags":[10,12,13,11,14],"class_list":["post-172","post","type-post","status-publish","format-standard","has-post-thumbnail","hentry","category-sin-categoria","tag-comunicado-oficial","tag-esmusica","tag-industria-musical","tag-ministerio-cultura","tag-sector-musical"],"_links":{"self":[{"href":"https:\/\/esmusica.org\/blog\/wp-json\/wp\/v2\/posts\/172","targetHints":{"allow":["GET"]}}],"collection":[{"href":"https:\/\/esmusica.org\/blog\/wp-json\/wp\/v2\/posts"}],"about":[{"href":"https:\/\/esmusica.org\/blog\/wp-json\/wp\/v2\/types\/post"}],"author":[{"embeddable":true,"href":"https:\/\/esmusica.org\/blog\/wp-json\/wp\/v2\/users\/1"}],"replies":[{"embeddable":true,"href":"https:\/\/esmusica.org\/blog\/wp-json\/wp\/v2\/comments?post=172"}],"version-history":[{"count":7,"href":"https:\/\/esmusica.org\/blog\/wp-json\/wp\/v2\/posts\/172\/revisions"}],"predecessor-version":[{"id":184,"href":"https:\/\/esmusica.org\/blog\/wp-json\/wp\/v2\/posts\/172\/revisions\/184"}],"wp:featuredmedia":[{"embeddable":true,"href":"https:\/\/esmusica.org\/blog\/wp-json\/wp\/v2\/media\/173"}],"wp:attachment":[{"href":"https:\/\/esmusica.org\/blog\/wp-json\/wp\/v2\/media?parent=172"}],"wp:term":[{"taxonomy":"category","embeddable":true,"href":"https:\/\/esmusica.org\/blog\/wp-json\/wp\/v2\/categories?post=172"},{"taxonomy":"post_tag","embeddable":true,"href":"https:\/\/esmusica.org\/blog\/wp-json\/wp\/v2\/tags?post=172"}],"curies":[{"name":"wp","href":"https:\/\/api.w.org\/{rel}","templated":true}]}}