{"id":183,"date":"2021-09-23T11:36:32","date_gmt":"2021-09-23T11:36:32","guid":{"rendered":"https:\/\/esmusica.org\/blog\/?p=183"},"modified":"2021-10-29T04:59:50","modified_gmt":"2021-10-29T04:59:50","slug":"comunicado-es_musica-sobre-la-situacion-critica-del-sector-de-la-musica-en-espana-necesidad-de-reapertura-efectiva-y-plan-de-contingencias","status":"publish","type":"post","link":"https:\/\/esmusica.org\/blog\/comunicado-es_musica-sobre-la-situacion-critica-del-sector-de-la-musica-en-espana-necesidad-de-reapertura-efectiva-y-plan-de-contingencias\/","title":{"rendered":"Comunicado Es_M\u00fasica sobre la situaci\u00f3n cr\u00edtica del sector de la m\u00fasica en Espa\u00f1a: necesidad de reapertura efectiva y plan de contingencias"},"content":{"rendered":"<h2 style=\"text-align: center;\"><b>COMUNICADO OFICIAL ES_M\u00daSICA<\/b><\/h2>\n<p>&nbsp;<\/p>\n<p>Madrid, 21 de septiembre de 2021.<\/p>\n<ul>\n<li>\n<p align=\"justify\"><b>El sector de la m\u00fasica en vivo mantiene un nivel de restricciones de aforos y protocolos sanitarios que impiden su recuperaci\u00f3n. En las condiciones actuales, no es posible desarrollar esta actividad bajo unos m\u00ednimos de viabilidad econ\u00f3mica.<\/b><\/p>\n<\/li>\n<\/ul>\n<ul>\n<li>\n<p align=\"justify\"><b>Al igual que ya se ha hecho con otros sectores, resulta urgente actualizar la normativa aplicable a la m\u00fasica en vivo en consonancia a las altas tasas de vacunaci\u00f3n y a la ejemplaridad y seguridad demostrada por el sector de la m\u00fasica en vivo.<\/b><\/p>\n<\/li>\n<li>\n<p align=\"justify\"><b>La Federaci\u00f3n de la M\u00fasica de Espa\u00f1a (Es_M\u00fasica) ya ha trasladado al gobierno estatal la cr\u00edtica situaci\u00f3n a la que se enfrenta el sector mediante una carta enviada la semana pasada.<\/b><\/p>\n<\/li>\n<\/ul>\n<p align=\"justify\">Desde la Federaci\u00f3n de la M\u00fasica de Espa\u00f1a (Es_M\u00fasica) queremos exponer p\u00fablicamente la preocupaci\u00f3n e inquietud ante el mantenimiento de las restricciones para las actividades de m\u00fasica en vivo y la ausencia de medidas para el sostenimiento y recuperaci\u00f3n de la industria musical de este pa\u00eds. La actualizaci\u00f3n normativa que est\u00e1n realizando las comunidades aut\u00f3nomas supone en la pr\u00e1ctica que la organizaci\u00f3n de espect\u00e1culos de m\u00fasica, festivales, salas de conciertos y festejos populares no puedan desarrollarse dentro de unos m\u00ednimos niveles de rentabilidad y viabilidad econ\u00f3mica.<\/p>\n<p align=\"justify\">La m\u00fasica en directo es uno de los sectores m\u00e1s afectados por las medidas derivadas de la pandemia. Durante meses, se ha soportado una paralizaci\u00f3n total de esta actividad, seguida de una t\u00edmida reactivaci\u00f3n con unos ingresos residuales que en la mayor\u00eda de casos apenas llegan para cubrir costes. La programaci\u00f3n actual de m\u00fasica en vivo no debe hacer pensar que estamos en un nivel de actividad suficiente y sostenible, pues se ha generalizado una <b>falsa apariencia de normalidad<\/b>. Al contrario, hay que tomar consciencia de la gravedad real de la situaci\u00f3n y abordar medidas que<b> eviten unos da\u00f1os irreversibles a un sector clave de la cultura y econom\u00eda espa\u00f1ola<\/b>.<\/p>\n<p align=\"justify\">Queremos recordar que la \u00faltima revisi\u00f3n coordinada de criterios sobre aforos y medidas sanitarias aplicables a espect\u00e1culos p\u00fablicos fue hace m\u00e1s de tres meses (acuerdo del Consejo Interterritorial del Sistema Nacional de Salud de 10 de junio de 2021), cuando ten\u00edamos una situaci\u00f3n epidemiol\u00f3gica y tasas de vacunaci\u00f3n muy diferente a las del presente.<\/p>\n<p align=\"justify\">A fecha de hoy, la apertura efectiva de la m\u00fasica en vivo en todas sus manifestaciones est\u00e1 sobradamente justificada de acuerdo a las siguientes circunstancias:<\/p>\n<ul>\n<li>\n<p align=\"justify\"><b>Tasa actual de poblaci\u00f3n vacunada en Espa\u00f1a, <\/b>una de las m\u00e1s altas de todo el mundo, que a fecha 21 de septiembre de 2021 roza el 80% de la poblaci\u00f3n con al menos una dosis, de los cuales m\u00e1s del 76% tienen la pauta completa. Son muchos los pa\u00edses que, a pesar de contar con unas tasas de vacunaci\u00f3n inferiores a Espa\u00f1a, ya han adoptado medidas de reapertura para las industrias culturales, ampliando de manera significativa los niveles de aforos y eliminando las medidas m\u00e1s restrictivas.<\/p>\n<\/li>\n<\/ul>\n<ul>\n<li>\n<p align=\"justify\"><b>Ejemplaridad y seguridad sanitaria de los espect\u00e1culos musicales.<\/b> Ha quedado perfectamente demostrado que los eventos musicales son entornos seguros y no generan focos de contagio.<\/p>\n<\/li>\n<\/ul>\n<ul>\n<li>\n<p align=\"justify\"><b>Aplicaci\u00f3n de las directrices de la UE para la reanudaci\u00f3n segura de las actividades culturales.<\/b> La Comisi\u00f3n Europea ha establecido una serie de criterios para los Estados miembros que permiten reanudar de forma coordinada y segura las actividades de las industrias culturales. Estas directrices est\u00e1n basadas en las aportaciones del Centro Europeo para la Prevenci\u00f3n y el Control de las Enfermedades (ECDC), destacando el criterio de incrementar las cifras de aforos si el \u00edndice de vacunaci\u00f3n progresa suficientemente.<\/p>\n<\/li>\n<\/ul>\n<ul>\n<li>\n<p align=\"justify\"><b>Agravio comparativo con otros sectores. <\/b>En la inmensa mayor\u00eda de actividades que implican concurrencia de personas ya se han revisado y actualizado las medidas de seguridad sanitaria, aumentando las cifras de aforos motivada en la tasa de vacunaci\u00f3n y la adopci\u00f3n de medidas sanitarias alternativas menos limitantes. As\u00ed ocurre, entre otros, con el f\u00fatbol y baloncesto profesional, la hosteler\u00eda, el turismo o el transporte, que ya trabajan con unos niveles de aforos que garantizan su viabilidad econ\u00f3mica.<\/p>\n<\/li>\n<\/ul>\n<p align=\"justify\">Todo esto <u>ha sido trasladado por parte de Es_M\u00fasica al gobierno estatal,<\/u> a trav\u00e9s de una carta remitida la semana pasada. En ella se solicitaba la puesta en marcha de un <b>Plan de contingencias para el sostenimiento del sector de la m\u00fasica<\/b> con las siguientes medidas urgentes:<\/p>\n<ol>\n<li>\n<p align=\"justify\"><b>Revisi\u00f3n y actualizaci\u00f3n de los criterios sobre aforos, apertura de salas de conciertos y protocolos sanitarios en eventos musicales y culturales<\/b>, mediante la necesaria coordinaci\u00f3n de los gobiernos estatal, auton\u00f3micos y locales para su materializaci\u00f3n efectiva en las normativas aplicables.<\/p>\n<\/li>\n<li>\n<p align=\"justify\"><b>Ayudas econ\u00f3micas directas de car\u00e1cter extraordinario para el sostenimiento estructural del sector hasta la recuperaci\u00f3n de la normalidad,<\/b> para garantizar la viabilidad de empresas y aut\u00f3nomos en riesgo de cierre y que han quedado excluidos de las ayudas de la L\u00ednea COVID o para los que el importe asignado es insuficiente.<\/p>\n<\/li>\n<li>\n<p align=\"justify\"><b>Campa\u00f1a estatal para incentivar el consumo de m\u00fasica en todas sus manifestaciones,<\/b> como muestra de apoyo a la cultura y generaci\u00f3n de confianza del p\u00fablico hacia estos eventos probadamente seguros.<\/p>\n<\/li>\n<\/ol>\n<p>&nbsp;<\/p>\n<p><strong>*Sobre Es_M\u00fasica<\/strong><\/p>\n<p>La Federaci\u00f3n de la M\u00fasica de Espa\u00f1a (Es_M\u00fasica) est\u00e1 formada por las entidades sectoriales m\u00e1s representativas de la m\u00fasica espa\u00f1ola, actuando como voz colectiva del sector para representar a m\u00e1s de 150.000 profesionales y empresas como autores e int\u00e9rpretes musicales, promotores de conciertos, festivales, representantes art\u00edsticos, salas de conciertos, productores fonogr\u00e1ficos, editoriales musicales, y otras categor\u00edas profesionales y empresariales relacionadas con la m\u00fasica.<\/p>\n<p style=\"text-align: center;\"><a href=\"https:\/\/drive.google.com\/file\/d\/1uQdpUz5Kwk7q1orxjY_fg5xdCwc_XThs\/view?usp=sharing\">21-09-2021 &#8211; COMUNIDADO DE ES_MUSICA: SITUACI\u00d3N CR\u00cdTICA DEL SECTOR DE LA M\u00daSICA DE ESPA\u00d1A <\/a><\/p>\n<p style=\"text-align: center;\">&#8211; NECESIDAD DE REAPERTURA EFECTIVA Y PLAN DE CONTINGENCIAS<\/p>\n","protected":false},"excerpt":{"rendered":"<div class=\"mh-excerpt\"><p>COMUNICADO OFICIAL ES_M\u00daSICA &nbsp; Madrid, 21 de septiembre de 2021. El sector de la m\u00fasica en vivo mantiene un nivel de restricciones de aforos y <a class=\"mh-excerpt-more\" href=\"https:\/\/esmusica.org\/blog\/comunicado-es_musica-sobre-la-situacion-critica-del-sector-de-la-musica-en-espana-necesidad-de-reapertura-efectiva-y-plan-de-contingencias\/\" title=\"Comunicado Es_M\u00fasica sobre la situaci\u00f3n cr\u00edtica del sector de la m\u00fasica en Espa\u00f1a: necesidad de reapertura efectiva y plan de contingencias\">[&#8230;]<\/a><\/p>\n<\/div>","protected":false},"author":1,"featured_media":173,"comment_status":"open","ping_status":"open","sticky":false,"template":"","format":"standard","meta":{"footnotes":""},"categories":[1],"tags":[10,12,13,11,14],"class_list":["post-183","post","type-post","status-publish","format-standard","has-post-thumbnail","hentry","category-sin-categoria","tag-comunicado-oficial","tag-esmusica","tag-industria-musical","tag-ministerio-cultura","tag-sector-musical"],"_links":{"self":[{"href":"https:\/\/esmusica.org\/blog\/wp-json\/wp\/v2\/posts\/183","targetHints":{"allow":["GET"]}}],"collection":[{"href":"https:\/\/esmusica.org\/blog\/wp-json\/wp\/v2\/posts"}],"about":[{"href":"https:\/\/esmusica.org\/blog\/wp-json\/wp\/v2\/types\/post"}],"author":[{"embeddable":true,"href":"https:\/\/esmusica.org\/blog\/wp-json\/wp\/v2\/users\/1"}],"replies":[{"embeddable":true,"href":"https:\/\/esmusica.org\/blog\/wp-json\/wp\/v2\/comments?post=183"}],"version-history":[{"count":1,"href":"https:\/\/esmusica.org\/blog\/wp-json\/wp\/v2\/posts\/183\/revisions"}],"predecessor-version":[{"id":185,"href":"https:\/\/esmusica.org\/blog\/wp-json\/wp\/v2\/posts\/183\/revisions\/185"}],"wp:featuredmedia":[{"embeddable":true,"href":"https:\/\/esmusica.org\/blog\/wp-json\/wp\/v2\/media\/173"}],"wp:attachment":[{"href":"https:\/\/esmusica.org\/blog\/wp-json\/wp\/v2\/media?parent=183"}],"wp:term":[{"taxonomy":"category","embeddable":true,"href":"https:\/\/esmusica.org\/blog\/wp-json\/wp\/v2\/categories?post=183"},{"taxonomy":"post_tag","embeddable":true,"href":"https:\/\/esmusica.org\/blog\/wp-json\/wp\/v2\/tags?post=183"}],"curies":[{"name":"wp","href":"https:\/\/api.w.org\/{rel}","templated":true}]}}