{"id":186,"date":"2021-10-13T12:45:20","date_gmt":"2021-10-13T12:45:20","guid":{"rendered":"https:\/\/esmusica.org\/blog\/?p=186"},"modified":"2021-10-29T05:00:00","modified_gmt":"2021-10-29T05:00:00","slug":"circular-informativa-sobre-las-nuevas-medidas-de-apoyo-al-sector-cultural","status":"publish","type":"post","link":"https:\/\/esmusica.org\/blog\/circular-informativa-sobre-las-nuevas-medidas-de-apoyo-al-sector-cultural\/","title":{"rendered":"Circular informativa sobre las nuevas medidas de apoyo al sector cultural"},"content":{"rendered":"<p>El 12 de octubre de 2021 ha entrado en vigor la ley 14\/2021, de 11 de octubre, por la que se modifica el Real Decreto-ley 17\/2020, de 5 de mayo, por el que se aprueban medidas de apoyo al sector cultural y de car\u00e1cter tributario para hacer frente al impacto econ\u00f3mico y social del COVID-2019. Se trata de una norma con varias implicaciones importantes para el sector, destacando dos medidas que han sido solicitadas por la Federaci\u00f3n Es_M\u00fasica en varias ocasiones desde el inicio de la pandemia:\u00a0<strong>una campa\u00f1a nacional de fomento del consumo de cultura espa\u00f1ola, y el reconocimiento de la cultura como bien b\u00e1sico y de primera necesidad.<\/strong><\/p>\n<p>Y es que hace meses que venimos poniendo de manifiesto la necesidad imperiosa de una campa\u00f1a estatal para\u00a0<strong>incentivar el consumo de m\u00fasica en todas sus manifestaciones<\/strong>, como muestra de apoyo a la cultura y generaci\u00f3n de confianza del p\u00fablico hacia estos eventos probadamente seguros. Esta fue una de las tres medidas solicitadas en septiembre por Es_M\u00fasica en la carta remitida al gobierno estatal relativa al Plan de contingencias para el sostenimiento del sector de la m\u00fasica.<\/p>\n<p>&nbsp;<\/p>\n<p><a href=\"https:\/\/drive.google.com\/file\/d\/1B_BNMwXMDewPkfBWs_E5BFHcsl0WKoiB\/view?usp=sharing\">13-10-2021 CIRCULAR INFORMATIVA SOBRE LAS NUEVAS MEDIDAS DE APOYO AL SECTOR CULTURAL<\/a><\/p>\n","protected":false},"excerpt":{"rendered":"<div class=\"mh-excerpt\"><p>El 12 de octubre de 2021 ha entrado en vigor la ley 14\/2021, de 11 de octubre, por la que se modifica el Real Decreto-ley <a class=\"mh-excerpt-more\" href=\"https:\/\/esmusica.org\/blog\/circular-informativa-sobre-las-nuevas-medidas-de-apoyo-al-sector-cultural\/\" title=\"Circular informativa sobre las nuevas medidas de apoyo al sector cultural\">[&#8230;]<\/a><\/p>\n<\/div>","protected":false},"author":1,"featured_media":187,"comment_status":"open","ping_status":"open","sticky":false,"template":"","format":"standard","meta":{"footnotes":""},"categories":[1],"tags":[10,12,13,11,14],"class_list":["post-186","post","type-post","status-publish","format-standard","has-post-thumbnail","hentry","category-sin-categoria","tag-comunicado-oficial","tag-esmusica","tag-industria-musical","tag-ministerio-cultura","tag-sector-musical"],"_links":{"self":[{"href":"https:\/\/esmusica.org\/blog\/wp-json\/wp\/v2\/posts\/186","targetHints":{"allow":["GET"]}}],"collection":[{"href":"https:\/\/esmusica.org\/blog\/wp-json\/wp\/v2\/posts"}],"about":[{"href":"https:\/\/esmusica.org\/blog\/wp-json\/wp\/v2\/types\/post"}],"author":[{"embeddable":true,"href":"https:\/\/esmusica.org\/blog\/wp-json\/wp\/v2\/users\/1"}],"replies":[{"embeddable":true,"href":"https:\/\/esmusica.org\/blog\/wp-json\/wp\/v2\/comments?post=186"}],"version-history":[{"count":1,"href":"https:\/\/esmusica.org\/blog\/wp-json\/wp\/v2\/posts\/186\/revisions"}],"predecessor-version":[{"id":189,"href":"https:\/\/esmusica.org\/blog\/wp-json\/wp\/v2\/posts\/186\/revisions\/189"}],"wp:featuredmedia":[{"embeddable":true,"href":"https:\/\/esmusica.org\/blog\/wp-json\/wp\/v2\/media\/187"}],"wp:attachment":[{"href":"https:\/\/esmusica.org\/blog\/wp-json\/wp\/v2\/media?parent=186"}],"wp:term":[{"taxonomy":"category","embeddable":true,"href":"https:\/\/esmusica.org\/blog\/wp-json\/wp\/v2\/categories?post=186"},{"taxonomy":"post_tag","embeddable":true,"href":"https:\/\/esmusica.org\/blog\/wp-json\/wp\/v2\/tags?post=186"}],"curies":[{"name":"wp","href":"https:\/\/api.w.org\/{rel}","templated":true}]}}