{"id":191,"date":"2021-10-29T05:07:04","date_gmt":"2021-10-29T05:07:04","guid":{"rendered":"https:\/\/esmusica.org\/blog\/?p=191"},"modified":"2021-10-29T05:07:04","modified_gmt":"2021-10-29T05:07:04","slug":"recibimos-el-premio-honorifico-de-los-premios-fest-en-bime-pro-2021","status":"publish","type":"post","link":"https:\/\/esmusica.org\/blog\/recibimos-el-premio-honorifico-de-los-premios-fest-en-bime-pro-2021\/","title":{"rendered":"Recibimos el Premio honor\u00edfico de los Premios Fest en BIME PRO 2021"},"content":{"rendered":"<p>\u00a1Estamos de enhorabuena! El pasado mi\u00e9rcoles 27 de octubre de la mano en el marco del <a href=\"https:\/\/www.bime.net\/pro\/es\/\">Festival BIME PRO<\/a> de los <a href=\"https:\/\/premiosfest.com\/\">Premios Fest<\/a> recibimos el\u00a0premio honor\u00edfico en reconocimiento a nuestro trabajo por la m\u00fasica de Espa\u00f1a.<\/p>\n<p>Para nosotros es muy importante ya que estos premios son el \u00fanico <strong>reconocimiento<\/strong>\u00a0en Espa\u00f1a dedicado exclusivamente a los Festivales de m\u00fasica.<\/p>\n<p>Su\u00a0<strong>misi\u00f3n<\/strong>\u00a0es reconocer, valorar, celebrar el trabajo y la creatividad de profesionales responsables del desarrollo de los Festivales de M\u00fasica que se celebran en Espa\u00f1a.<\/p>\n<p>Su\u00a0<strong>finalidad<\/strong>\u00a0ser sello de calidad, de referencia internacional, con el que distinguir los mejores eventos. desarrollando adem\u00e1s una plataforma que propicie un foro de informaci\u00f3n, reflexi\u00f3n y an\u00e1lisis sobre el sector.<\/p>\n<p>Sus <strong>valores<\/strong> son la independencia, la diversidad, la b\u00fasqueda de la excelencia, la inquietud para crecer y mejorar, un equipo de profesionales en sus diferentes \u00e1reas, y el deseo de integrar las voces de los profesionales del sector a trav\u00e9s de sus asociaciones.<\/p>\n<p>Y este a\u00f1o, la edici\u00f3n ha sido muy especial: en gratitud al compromiso y pasi\u00f3n demostrada por el sector, han transformado la que deber\u00eda haber sido la octava edici\u00f3n de Premios Fest en la que han denominado \u00abedici\u00f3n infinita\u00bb, como s\u00edmbolo de la esperanza puesta en que la m\u00fasica nunca deje de sonar.<\/p>\n<p><strong>\u00a1Que no pare la m\u00fasica!<\/strong><\/p>\n","protected":false},"excerpt":{"rendered":"<div class=\"mh-excerpt\"><p>\u00a1Estamos de enhorabuena! El pasado mi\u00e9rcoles 27 de octubre de la mano en el marco del Festival BIME PRO de los Premios Fest recibimos el\u00a0premio <a class=\"mh-excerpt-more\" href=\"https:\/\/esmusica.org\/blog\/recibimos-el-premio-honorifico-de-los-premios-fest-en-bime-pro-2021\/\" title=\"Recibimos el Premio honor\u00edfico de los Premios Fest en BIME PRO 2021\">[&#8230;]<\/a><\/p>\n<\/div>","protected":false},"author":1,"featured_media":193,"comment_status":"open","ping_status":"open","sticky":false,"template":"","format":"standard","meta":{"footnotes":""},"categories":[1],"tags":[12,13,26,25],"class_list":["post-191","post","type-post","status-publish","format-standard","has-post-thumbnail","hentry","category-sin-categoria","tag-esmusica","tag-industria-musical","tag-musica","tag-premios"],"_links":{"self":[{"href":"https:\/\/esmusica.org\/blog\/wp-json\/wp\/v2\/posts\/191","targetHints":{"allow":["GET"]}}],"collection":[{"href":"https:\/\/esmusica.org\/blog\/wp-json\/wp\/v2\/posts"}],"about":[{"href":"https:\/\/esmusica.org\/blog\/wp-json\/wp\/v2\/types\/post"}],"author":[{"embeddable":true,"href":"https:\/\/esmusica.org\/blog\/wp-json\/wp\/v2\/users\/1"}],"replies":[{"embeddable":true,"href":"https:\/\/esmusica.org\/blog\/wp-json\/wp\/v2\/comments?post=191"}],"version-history":[{"count":1,"href":"https:\/\/esmusica.org\/blog\/wp-json\/wp\/v2\/posts\/191\/revisions"}],"predecessor-version":[{"id":194,"href":"https:\/\/esmusica.org\/blog\/wp-json\/wp\/v2\/posts\/191\/revisions\/194"}],"wp:featuredmedia":[{"embeddable":true,"href":"https:\/\/esmusica.org\/blog\/wp-json\/wp\/v2\/media\/193"}],"wp:attachment":[{"href":"https:\/\/esmusica.org\/blog\/wp-json\/wp\/v2\/media?parent=191"}],"wp:term":[{"taxonomy":"category","embeddable":true,"href":"https:\/\/esmusica.org\/blog\/wp-json\/wp\/v2\/categories?post=191"},{"taxonomy":"post_tag","embeddable":true,"href":"https:\/\/esmusica.org\/blog\/wp-json\/wp\/v2\/tags?post=191"}],"curies":[{"name":"wp","href":"https:\/\/api.w.org\/{rel}","templated":true}]}}