{"id":20,"date":"2020-06-24T12:18:13","date_gmt":"2020-06-24T12:18:13","guid":{"rendered":"https:\/\/esmusica.org\/blog\/?p=20"},"modified":"2020-12-23T07:51:07","modified_gmt":"2020-12-23T07:51:07","slug":"es_musica-presenta-un-decalogo-de-medidas-para-la-organizacion-de-eventos-y-espectaculos-publicos-en-la-nueva-normalidad","status":"publish","type":"post","link":"https:\/\/esmusica.org\/blog\/es_musica-presenta-un-decalogo-de-medidas-para-la-organizacion-de-eventos-y-espectaculos-publicos-en-la-nueva-normalidad\/","title":{"rendered":"ES_M\u00daSICA presenta un Dec\u00e1logo de medidas para la organizaci\u00f3n de eventos y espect\u00e1culos p\u00fablicos en la nueva normalidad."},"content":{"rendered":"\r\n<p>Actualidad\u00a0\/\u00a024 junio, 2020<\/p>\r\n\r\n\r\n\r\n<h1>Dec\u00e1logo de medidas para la organizaci\u00f3n de eventos y espect\u00e1culos p\u00fablicos en la nueva normalidad.<\/h1>\r\n<p><strong>Dirigido a empresarios, promotores y Administraciones P\u00fablicas<\/strong><\/p>\r\n\r\n\r\n\r\n<p>Este dec\u00e1logo de recomendaciones es un documento vivo que propone aforos de pie y sentados con diferentes condicionantes relacionados con los establecimientos donde se celebren y que puede ir ajust\u00e1ndose en funci\u00f3n de la evoluci\u00f3n del COVID-19<\/p>\r\n\r\n\r\n\r\n<p>Este dec\u00e1logo complementa el documento que se presentar\u00e1 la pr\u00f3xima semana \u201cDirectrices y Recomendaciones para la Reactivaci\u00f3n de los Eventos y Espect\u00e1culos P\u00fablicos y Reapertura de los Espacios que los acogen en el contexto del COVID-19\u201d.<\/p>\r\n\r\n\r\n\r\n<p>Es_m\u00fasica insiste en la necesidad de poner en marcha las medidas trasladadas la semana pasada al Ministerio de Cultura y Deportes ya que dada la normativa anunciada de desescalada por las distintas Comunidades Aut\u00f3nomas no permite el regreso de la mayor parte de la actividad de espect\u00e1culos y eventos p\u00fablicos.<\/p>\r\n\r\n\r\n\r\n<p>Para la elaboraci\u00f3n de estos documentos se han valorado el RD-Ley 21\/2020 del 9 de junio y las distintas normativas de las Comunidades Aut\u00f3nomas publicadas durante estos d\u00edas en relaci\u00f3n a la celebraci\u00f3n de los eventos y espect\u00e1culos p\u00fablicos.<\/p>\r\n\r\n\r\n\r\n<p>Es_M\u00fasica se apoya en la responsabilidad individual, la prudencia y la sostenibilidad como ejes fundamentales para la vuelta a la normalidad en la celebraci\u00f3n de los eventos y de los espect\u00e1culos p\u00fablicos.<\/p>\r\n\r\n\r\n\r\n<p>Madrid, 22 de junio de 2020.- La Federaci\u00f3n de la M\u00fasica de Espa\u00f1a presenta hoy un dec\u00e1logo de recomendaciones para recuperar aforos de pie y sentados con medidas de seguridad que incorporan criterios estrictos de sectorizaci\u00f3n de espectadores, trazabilidad, medidas de escalonamiento de entrada y salida de p\u00fablico y de personas trabajadoras y circulaci\u00f3n de personas. Todas esta medidas toman como referente lo establecido en el art\u00edculo 14 del Real Decreto \u2013 L e y 2 1 \/ 2 0 2 0 d e 9 d e j u n i o , d e m e d i d a s u r g e n t e s d e p r e v e n c i \u00f3 n , c o n t e n c i \u00f3 n y coordinaci\u00f3n para hacer frente a la crisis sanitaria ocasionada por el COVID \u2013 19 y ante la falta de definici\u00f3n de medidas de seguridad espec\u00edficas para llevar a cabo estos eventos y espect\u00e1culos p\u00fablicos, la Federaci\u00f3n de la M\u00fasica de Espa\u00f1a, Es_m\u00fasica ha elaborado una serie de documentos con el objeto de disponer de un marco de referencia inicial de medidas de seguridad para la celebraci\u00f3n de dichos eventos en la denominada nueva normalidad.<\/p>\r\n\r\n\r\n\r\n<p>Estos documentos ofrecen una herramienta de partida \u00fatil, realista y pr\u00e1ctica tanto a las Administraciones P\u00fablicas (Gobierno, Ministerio, Comunidades Aut\u00f3nomas y Ayuntamientos) como a los empresarios, promotores y organizadores para emplearlos como marco de referencia com\u00fan en su caso en base al documento extendido y as\u00ed poder reactivar una actividad que da empleo a m\u00e1s 300.000 personas y que tiene un impacto de m\u00e1s 7.600 millones de euros anuales en la econom\u00eda espa\u00f1ola.<\/p>\r\n\r\n\r\n\r\n<p>Este dec\u00e1logo forma parte del documento \u201cDirectrices y Recomendaciones para la Reactivaci\u00f3n de los Eventos y Espect\u00e1culos P\u00fablicos y Reapertura de los Espacios que los acogen en el contexto del COVID-19\u201d elaborado bajo la iniciativa de Es_m\u00fasica en colaboraci\u00f3n con sus Asociaciones integrantes (Acces, AEDEM, AIE, APM, ARTE, OPEM, Promusicae, SGAE Y UFI). El objetivo de este Dec\u00e1logo de Medidas para la O rganizaci\u00f3n y E spect\u00e1culos P \u00fablicos en la N ueva N ormalidad es permitir el proceso de reapertura de una parte m\u00e1s amplia del sector de la m\u00fasica en Espa\u00f1a, desde el compromiso con la seguridad del p\u00fablico y de todas las personas trabajadoras del sector, tanto del colectivo art\u00edstico, como del personal t\u00e9cnico y del personal de todos los servicios esenciales.<\/p>\r\n\r\n\r\n\r\n<p>Los autores de estos documentos son los expertos en Seguridad y Prevenci\u00f3n de Riesgos Laborales Ra\u00fal Valera, Director del \u00c1rea de Seguridad y Emergencias en Eventos de Sympathy for the Lawyer, Ana Alonso, socia de Prevent Event SL, Manuel \u00c1ngel L\u00f3pez, CEO de Sympathy for the Lawyer y Jos\u00e9 Luis Gallardo, socio de Prevent Event, S.L<\/p>\r\n\r\n\r\n\r\n<p>Responsabilidad individual, prudencia y sostenibiilidad La Federaci\u00f3n de la M\u00fasica de Espa\u00f1a es consciente de la importancia de la responsabilidad individual y la prudencia en la gesti\u00f3n de los eventos y espect\u00e1culos p\u00fablicos para garantizar la sostenibilidad de la industria de la m\u00fasica en la situaci\u00f3n que estamos viviendo. El dec\u00e1logo es una propuesta apoyada en estos tres ejes para adaptarse a una situaci\u00f3n excepcional.<\/p>\r\n\r\n\r\n\r\n<p>Bajo este esp\u00edritu se han tenido en cuenta los diversos formatos y espacios (establecimientos) en los que se celebran los espect\u00e1culos y eventos p\u00fabicos. En este sentido se han valorado establecimientos cerrados al aire libre con aforos de m\u00e1s de 10.000 personas como espacios multiusos como por ejemplo el Wizink Center, espacios al aire libre que necesitan autorizaci\u00f3n administrativa expresa para la celebraci\u00f3n del evento como los grandes festivales y salas de concierto con aforos desde 100 a 1.500 personas. Esta \u00faltima casu\u00edstica merece especial atenci\u00f3n para mantener el fr\u00e1gil ecosistema del circuito de peque\u00f1as salas de m\u00fasica, que es clave para la creaci\u00f3n y desarrollo de talento en nuestro pa\u00eds, adem\u00e1s de mantener aquellas ayudas ya puestas en marcha por el Gobierno de Espa\u00f1a como ERTEs, pr\u00e9stamos ICO, moratorias de alquileres y en pago de impuestos, entre otras, hasta que el sector de la m\u00fasica logre alcanzar la normalidad en el desarrollo de su actividad.<\/p>\r\n\r\n\r\n\r\n<p>Sobre la Federaci\u00f3n de la M\u00fasica de Espa\u00f1a, Esm\u00fasica La Federaci\u00f3n de la M\u00fasica de Espa\u00f1a est\u00e1 compuesta por nueve asociaciones de car\u00e1cter estatal que representan a m\u00e1s de 111.000 socios q ue desarrollan su actividad en la m\u00fasica en vivo, grabada, editores y entidades de gesti\u00f3n de derechos de autor. Estas asociaciones son: ACCES (Asociaci\u00f3n Estatal de Salas de M\u00fasica en Directo), AEDEM (Asociaci\u00f3n de Editores de M\u00fasica Independientes), AIE (Sociedad de Artistas Int\u00e9rpretes o Ejecutantes de Espa\u00f1a), APM (Asociaci\u00f3n de Promotores Musicales), ARTE (Asociaci\u00f3n de Representantes T\u00e9cnicos del Espect\u00e1culo), OPEM (Organizaci\u00f3n Profesional de Editores de M\u00fasica), Promusicae (Productores de M\u00fasica de Espa\u00f1a), SGAE (Sociedad General de Autores y Editores), UFI (Uni\u00f3n Fonogr\u00e1fica Independiente).<\/p>\r\n\r\n\r\n\r\n<p>Puedes consultar el dec\u00e1logo y el comunicado en los siguientes enlaces:<\/p>\r\n\r\n\r\n\r\n<p><a href=\"https:\/\/esmusica.org\/blog\/wp-content\/uploads\/2020\/12\/Deca\u0301logo-Es-Mu\u0301sica-def.pdf\">Dec\u00e1logo de Es_M\u00fasica<\/a><\/p>\r\n\r\n\r\n\r\n<p><a href=\"https:\/\/esmusica.org\/blog\/wp-content\/uploads\/2020\/12\/comunicado-deca\u0301logo-de-desecalada-def.pdf\">Comunicado Dec\u00e1logo de Desescalada<\/a><\/p>\r\n\r\n\r\n\r\n<p>Para m\u00e1s informaci\u00f3n puedes escribirnos a <a href=\"mailto:info@esmusica.org\">info@esmusica.org<\/a><\/p>\r\n","protected":false},"excerpt":{"rendered":"<div class=\"mh-excerpt\"><p>Actualidad\u00a0\/\u00a024 junio, 2020 Dec\u00e1logo de medidas para la organizaci\u00f3n de eventos y espect\u00e1culos p\u00fablicos en la nueva normalidad. Dirigido a empresarios, promotores y Administraciones P\u00fablicas <a class=\"mh-excerpt-more\" href=\"https:\/\/esmusica.org\/blog\/es_musica-presenta-un-decalogo-de-medidas-para-la-organizacion-de-eventos-y-espectaculos-publicos-en-la-nueva-normalidad\/\" title=\"ES_M\u00daSICA presenta un Dec\u00e1logo de medidas para la organizaci\u00f3n de eventos y espect\u00e1culos p\u00fablicos en la nueva normalidad.\">[&#8230;]<\/a><\/p>\n<\/div>","protected":false},"author":1,"featured_media":68,"comment_status":"open","ping_status":"open","sticky":false,"template":"","format":"standard","meta":{"footnotes":""},"categories":[1],"tags":[],"class_list":["post-20","post","type-post","status-publish","format-standard","has-post-thumbnail","hentry","category-sin-categoria"],"_links":{"self":[{"href":"https:\/\/esmusica.org\/blog\/wp-json\/wp\/v2\/posts\/20","targetHints":{"allow":["GET"]}}],"collection":[{"href":"https:\/\/esmusica.org\/blog\/wp-json\/wp\/v2\/posts"}],"about":[{"href":"https:\/\/esmusica.org\/blog\/wp-json\/wp\/v2\/types\/post"}],"author":[{"embeddable":true,"href":"https:\/\/esmusica.org\/blog\/wp-json\/wp\/v2\/users\/1"}],"replies":[{"embeddable":true,"href":"https:\/\/esmusica.org\/blog\/wp-json\/wp\/v2\/comments?post=20"}],"version-history":[{"count":7,"href":"https:\/\/esmusica.org\/blog\/wp-json\/wp\/v2\/posts\/20\/revisions"}],"predecessor-version":[{"id":72,"href":"https:\/\/esmusica.org\/blog\/wp-json\/wp\/v2\/posts\/20\/revisions\/72"}],"wp:featuredmedia":[{"embeddable":true,"href":"https:\/\/esmusica.org\/blog\/wp-json\/wp\/v2\/media\/68"}],"wp:attachment":[{"href":"https:\/\/esmusica.org\/blog\/wp-json\/wp\/v2\/media?parent=20"}],"wp:term":[{"taxonomy":"category","embeddable":true,"href":"https:\/\/esmusica.org\/blog\/wp-json\/wp\/v2\/categories?post=20"},{"taxonomy":"post_tag","embeddable":true,"href":"https:\/\/esmusica.org\/blog\/wp-json\/wp\/v2\/tags?post=20"}],"curies":[{"name":"wp","href":"https:\/\/api.w.org\/{rel}","templated":true}]}}