{"id":211,"date":"2022-03-31T15:43:14","date_gmt":"2022-03-31T15:43:14","guid":{"rendered":"https:\/\/esmusica.org\/blog\/?p=211"},"modified":"2022-03-31T15:43:14","modified_gmt":"2022-03-31T15:43:14","slug":"guia-sobre-el-nuevo-regimen-de-relaciones-laborales-en-el-sector-musical","status":"publish","type":"post","link":"https:\/\/esmusica.org\/blog\/guia-sobre-el-nuevo-regimen-de-relaciones-laborales-en-el-sector-musical\/","title":{"rendered":"Gu\u00eda sobre el nuevo r\u00e9gimen de relaciones laborales en el sector musical"},"content":{"rendered":"<p dir=\"ltr\">El pasado 22 de marzo se public\u00f3 el Real Decreto-Ley 5\/2022 por el que se adapta el r\u00e9gimen de la relaci\u00f3n laboral de car\u00e1cter especial de las personas dedicadas a las actividades art\u00edsticas, as\u00ed como a las actividades t\u00e9cnicas y auxiliares necesarias para su desarrollo.<\/p>\n<p dir=\"ltr\">El 31 de marzo entr\u00f3 en vigor esta norma y por ello hemos elaborado una gu\u00eda que queremos compartir con vosotros, que identifica y recoge las principales novedades que supone el Real Decreto respecto de las relaciones laborales en espect\u00e1culos y en actividades art\u00edsticas en general.<\/p>\n<p dir=\"ltr\">Pod\u00e9is consultar la gu\u00eda <a href=\"https:\/\/esmusica.org\/blog\/wp-content\/uploads\/2022\/03\/Guia-nuevo-regimen-laboral-artistas-RD52022.pdf\">aqu\u00ed<\/a><\/p>\n<p dir=\"ltr\">\n","protected":false},"excerpt":{"rendered":"<div class=\"mh-excerpt\"><p>El pasado 22 de marzo se public\u00f3 el Real Decreto-Ley 5\/2022 por el que se adapta el r\u00e9gimen de la relaci\u00f3n laboral de car\u00e1cter especial <a class=\"mh-excerpt-more\" href=\"https:\/\/esmusica.org\/blog\/guia-sobre-el-nuevo-regimen-de-relaciones-laborales-en-el-sector-musical\/\" title=\"Gu\u00eda sobre el nuevo r\u00e9gimen de relaciones laborales en el sector musical\">[&#8230;]<\/a><\/p>\n<\/div>","protected":false},"author":1,"featured_media":213,"comment_status":"open","ping_status":"open","sticky":false,"template":"","format":"standard","meta":{"footnotes":""},"categories":[1],"tags":[26,14],"class_list":["post-211","post","type-post","status-publish","format-standard","has-post-thumbnail","hentry","category-sin-categoria","tag-musica","tag-sector-musical"],"_links":{"self":[{"href":"https:\/\/esmusica.org\/blog\/wp-json\/wp\/v2\/posts\/211","targetHints":{"allow":["GET"]}}],"collection":[{"href":"https:\/\/esmusica.org\/blog\/wp-json\/wp\/v2\/posts"}],"about":[{"href":"https:\/\/esmusica.org\/blog\/wp-json\/wp\/v2\/types\/post"}],"author":[{"embeddable":true,"href":"https:\/\/esmusica.org\/blog\/wp-json\/wp\/v2\/users\/1"}],"replies":[{"embeddable":true,"href":"https:\/\/esmusica.org\/blog\/wp-json\/wp\/v2\/comments?post=211"}],"version-history":[{"count":1,"href":"https:\/\/esmusica.org\/blog\/wp-json\/wp\/v2\/posts\/211\/revisions"}],"predecessor-version":[{"id":215,"href":"https:\/\/esmusica.org\/blog\/wp-json\/wp\/v2\/posts\/211\/revisions\/215"}],"wp:featuredmedia":[{"embeddable":true,"href":"https:\/\/esmusica.org\/blog\/wp-json\/wp\/v2\/media\/213"}],"wp:attachment":[{"href":"https:\/\/esmusica.org\/blog\/wp-json\/wp\/v2\/media?parent=211"}],"wp:term":[{"taxonomy":"category","embeddable":true,"href":"https:\/\/esmusica.org\/blog\/wp-json\/wp\/v2\/categories?post=211"},{"taxonomy":"post_tag","embeddable":true,"href":"https:\/\/esmusica.org\/blog\/wp-json\/wp\/v2\/tags?post=211"}],"curies":[{"name":"wp","href":"https:\/\/api.w.org\/{rel}","templated":true}]}}