{"id":224,"date":"2022-05-04T13:44:56","date_gmt":"2022-05-04T13:44:56","guid":{"rendered":"https:\/\/esmusica.org\/blog\/?p=224"},"modified":"2022-05-04T13:45:23","modified_gmt":"2022-05-04T13:45:23","slug":"la-situacion-profesional-y-laboral-de-los-musicos-y-musicas-en-espana-ano-2022","status":"publish","type":"post","link":"https:\/\/esmusica.org\/blog\/la-situacion-profesional-y-laboral-de-los-musicos-y-musicas-en-espana-ano-2022\/","title":{"rendered":"LA SITUACI\u00d3N PROFESIONAL Y LABORAL DE LOS M\u00daSICOS Y M\u00daSICAS EN ESPA\u00d1A (A\u00d1O 2022)"},"content":{"rendered":"<p>Uno de los obst\u00e1culos que la <strong>Uni\u00f3n de M\u00fasicos<\/strong> se encuentra para realizar su labor en defensa de los m\u00fasicos y m\u00fasicas es la falta de datos sobre las circunstancias profesionales, laborales y econ\u00f3micas en las que llevan a cabo su profesi\u00f3n.<\/p>\n<p>Por este motivo, ha decidido elaborar un estudio, que pretende una periodicidad anual, con la finalidad de centrarse en estos aspectos, a\u00fan tan poco tratados, y obtener datos que puedan servir de referencia y herramienta de utilidad para el sector en su interlocuci\u00f3n con las Administraciones P\u00fablicas y dem\u00e1s entidades del sector p\u00fablico, as\u00ed como con entidades y agentes del \u00e1mbito privado. Su fin es servir de instrumento de referencia y visibilidad de la situaci\u00f3n de los m\u00fasicos y creadores de la m\u00fasica y de los retos y desaf\u00edos con los que se encuentran en su d\u00eda a d\u00eda. Est\u00e1 concebido como una ayuda esencial para realizar esta tarea y poder hacer un seguimiento comparativo en el tiempo de c\u00f3mo van evolucionando y cambiando las condiciones de trabajo y profesionales, siendo tambi\u00e9n un mecanismo de exploraci\u00f3n de todo aquello que los m\u00fasicos y m\u00fasicas vayan necesitando en el futuro para realizar su actividad art\u00edstica de forma digna.<\/p>\n<p>Dificultades para la contrataci\u00f3n, ingresos inferiores al SMI anual para el 88% de los encuestados, participaci\u00f3n muy inferior en el caso de las mujeres o remuneraciones de cada actuaci\u00f3n inferiores a 200\u20ac son algunas conclusiones que se extraen de este informe elaborado por <strong>Eva Moraga (Directora de Por &amp; Para, para la Uni\u00f3n de M\u00fasicos)<\/strong> financiado gracias a la colaboraci\u00f3n de la <strong>SGAE<\/strong>, que fue presentado ayer, 3 de mayo, y al que se puede acceder al contenido completo haciendo click en el siguiente <a href=\"https:\/\/www.uniondemusicos.es\/informe-la-situacion-profesional-y-laboral-de-los-musicos-y-musicas-en-espana-ano-2022\/\">LINK<\/a><\/p>\n","protected":false},"excerpt":{"rendered":"<div class=\"mh-excerpt\"><p>Uno de los obst\u00e1culos que la Uni\u00f3n de M\u00fasicos se encuentra para realizar su labor en defensa de los m\u00fasicos y m\u00fasicas es la falta <a class=\"mh-excerpt-more\" href=\"https:\/\/esmusica.org\/blog\/la-situacion-profesional-y-laboral-de-los-musicos-y-musicas-en-espana-ano-2022\/\" title=\"LA SITUACI\u00d3N PROFESIONAL Y LABORAL DE LOS M\u00daSICOS Y M\u00daSICAS EN ESPA\u00d1A (A\u00d1O 2022)\">[&#8230;]<\/a><\/p>\n<\/div>","protected":false},"author":1,"featured_media":225,"comment_status":"open","ping_status":"open","sticky":false,"template":"","format":"standard","meta":{"footnotes":""},"categories":[1],"tags":[12,22,13,11,26,14],"class_list":["post-224","post","type-post","status-publish","format-standard","has-post-thumbnail","hentry","category-sin-categoria","tag-esmusica","tag-inaem","tag-industria-musical","tag-ministerio-cultura","tag-musica","tag-sector-musical"],"_links":{"self":[{"href":"https:\/\/esmusica.org\/blog\/wp-json\/wp\/v2\/posts\/224","targetHints":{"allow":["GET"]}}],"collection":[{"href":"https:\/\/esmusica.org\/blog\/wp-json\/wp\/v2\/posts"}],"about":[{"href":"https:\/\/esmusica.org\/blog\/wp-json\/wp\/v2\/types\/post"}],"author":[{"embeddable":true,"href":"https:\/\/esmusica.org\/blog\/wp-json\/wp\/v2\/users\/1"}],"replies":[{"embeddable":true,"href":"https:\/\/esmusica.org\/blog\/wp-json\/wp\/v2\/comments?post=224"}],"version-history":[{"count":2,"href":"https:\/\/esmusica.org\/blog\/wp-json\/wp\/v2\/posts\/224\/revisions"}],"predecessor-version":[{"id":227,"href":"https:\/\/esmusica.org\/blog\/wp-json\/wp\/v2\/posts\/224\/revisions\/227"}],"wp:featuredmedia":[{"embeddable":true,"href":"https:\/\/esmusica.org\/blog\/wp-json\/wp\/v2\/media\/225"}],"wp:attachment":[{"href":"https:\/\/esmusica.org\/blog\/wp-json\/wp\/v2\/media?parent=224"}],"wp:term":[{"taxonomy":"category","embeddable":true,"href":"https:\/\/esmusica.org\/blog\/wp-json\/wp\/v2\/categories?post=224"},{"taxonomy":"post_tag","embeddable":true,"href":"https:\/\/esmusica.org\/blog\/wp-json\/wp\/v2\/tags?post=224"}],"curies":[{"name":"wp","href":"https:\/\/api.w.org\/{rel}","templated":true}]}}