{"id":229,"date":"2022-06-14T11:06:15","date_gmt":"2022-06-14T11:06:15","guid":{"rendered":"https:\/\/esmusica.org\/blog\/?p=229"},"modified":"2022-06-14T13:49:55","modified_gmt":"2022-06-14T13:49:55","slug":"jornada-industria-musica-en-vivo-ceoe-a-r-t-e","status":"publish","type":"post","link":"https:\/\/esmusica.org\/blog\/jornada-industria-musica-en-vivo-ceoe-a-r-t-e\/","title":{"rendered":"JORNADA INDUSTRIA M\u00daSICA EN VIVO CEOE &#8211; A.R.T.E"},"content":{"rendered":"<p>Es_M\u00fasica estuvo presente en una interesante jornada sobre la Industria de la M\u00fasica en Vivo, organizada por CEOE y A.R.T.E. Inaugurada por el presidente de ATA y vicepresidente de CEOE, Lorenzo Amor, y por el presidente de A.R.T.E., Paco L\u00f3pez, la jornada ha contado con tres mesas redondas en las que representantes del sector y las administraciones p\u00fablicas hablaron sobre la situaci\u00f3n de las empresas de la industria de la m\u00fasica en vivo, el papel de la Administraci\u00f3n y el impacto social y econ\u00f3mico de los festivales en Espa\u00f1a.<\/p>\n<p>La primera mesa, en la que se hizo hincapi\u00e9 en destacar un sector con grandes retos estructurales como la profesionalizaci\u00f3n, la necesidad de contar con una mayor empat\u00eda por parte de las administraciones para entender su \u00a0funcionamiento, la transparencia p\u00fablico-privada o el hecho de poder medir de forma adecuada su impacto econ\u00f3mico, tur\u00edstico, cultural o social,\u00a0 fue moderada por Soco Collado (Directora Gerente de A.R.T.E.) y cont\u00f3 con la participaci\u00f3n del presidente de A.R.T.E., Paco L\u00f3pez, el presidente de la Asociaci\u00f3n de Promotores Musicales (APM), Albert Salmer\u00f3n, el CEO de Impulsa Eventos e Instalaciones, Manuel Saucedo, el coordinador de ACCES (Asociaci\u00f3n Estatal de Salas Privadas de M\u00fasica en directo), Armando Ruah, y el director de activaci\u00f3n comercial de Mahou San Miguel, Eduardo D\u00edaz.<\/p>\n<p>Ya en la segunda mesa, tambi\u00e9n moderada por Soco Collado, se resalt\u00f3 la complejidad derivada de la gobernanza multinivel (competencias transferidas a distintos niveles de la administraci\u00f3n); la necesidad de la colaboraci\u00f3n p\u00fablico-privada, privada-p\u00fablica, p\u00fablica-p\u00fablica y privada-privada; y el compromiso que ambas partes deben de tener para mantener el equilibrio entre la dimensi\u00f3n cultural genuina, el legado cultural pa\u00eds y el desarrollo de una actividad vinculada al entretenimiento y al ocio. En esta mesa estuvieron presentes la consejera de Cultura y Deporte de Navarra, Rebeca Esnaola, el secretario de Turismo de la Comunidad Valenciana, Francesc Colomer, el director general de Promoci\u00f3n Cultural de la Comunidad de Madrid, Gonzalo Cabrera, la subdirectora de Educaci\u00f3n, Cultura, Patrimonio, Deportes y Ocio de la Federaci\u00f3n Espa\u00f1ola de Municipios y Provincias (FEMP), Juana Escudero, el concejal de Cultura de Fuengirola, Rodrigo Romero, y el secretario de A.R.T.E., Jes\u00fas Marcos.<\/p>\n<p>Por \u00faltimo, ya en la tercera mesa de debate los ponentes debatieron asuntos clave como la relevancia de trabajar con lealtad desde lo p\u00fablico y desde lo privado; de apostar por la calidad, la seguridad y el bienestar de la comunidad donde se desarrolla el festival, del territorio y de sus participantes; o la importancia de la conversi\u00f3n en datos de la actividad de los festivales para la toma de decisiones. En esta \u00faltima mesa de debate estuvieron presentes el director de Last Tour, Alfonso Santiago, el director de Sonde 3 Producciones, Germ\u00e1n Quimas\u00f3, la alcaldesa de Benic\u00e0ssim, Susana Marqu\u00e9s, y el director de Inteligencia Tur\u00edstica de Turismo de la Comunidad Valenciana, Mario Villar. Moderada esta \u00faltima mesa de debate por la directora de Turismo, Cultura y Deporte de CEOE, Inmaculada Benito, en el turno de cierre y conclusiones de la jornada, a cargo tambi\u00e9n de Inmaculada, se ha manifestado el compromiso de CEOE de seguir trabajando por la cultura e incorporar al plan de trabajo los retos planteados en las distintas mesas de debate celebradas en esta jornada alrededor de la m\u00fasica en vivo.<\/p>\n","protected":false},"excerpt":{"rendered":"<div class=\"mh-excerpt\"><p>Es_M\u00fasica estuvo presente en una interesante jornada sobre la Industria de la M\u00fasica en Vivo, organizada por CEOE y A.R.T.E. Inaugurada por el presidente de <a class=\"mh-excerpt-more\" href=\"https:\/\/esmusica.org\/blog\/jornada-industria-musica-en-vivo-ceoe-a-r-t-e\/\" title=\"JORNADA INDUSTRIA M\u00daSICA EN VIVO CEOE &#8211; A.R.T.E\">[&#8230;]<\/a><\/p>\n<\/div>","protected":false},"author":1,"featured_media":230,"comment_status":"open","ping_status":"open","sticky":false,"template":"","format":"standard","meta":{"footnotes":""},"categories":[1],"tags":[4,12,21,13,11,28,14,27],"class_list":["post-229","post","type-post","status-publish","format-standard","has-post-thumbnail","hentry","category-sin-categoria","tag-cultura","tag-esmusica","tag-festivales","tag-industria-musical","tag-ministerio-cultura","tag-musica-en-vivo","tag-sector-musical","tag-seminario"],"_links":{"self":[{"href":"https:\/\/esmusica.org\/blog\/wp-json\/wp\/v2\/posts\/229","targetHints":{"allow":["GET"]}}],"collection":[{"href":"https:\/\/esmusica.org\/blog\/wp-json\/wp\/v2\/posts"}],"about":[{"href":"https:\/\/esmusica.org\/blog\/wp-json\/wp\/v2\/types\/post"}],"author":[{"embeddable":true,"href":"https:\/\/esmusica.org\/blog\/wp-json\/wp\/v2\/users\/1"}],"replies":[{"embeddable":true,"href":"https:\/\/esmusica.org\/blog\/wp-json\/wp\/v2\/comments?post=229"}],"version-history":[{"count":4,"href":"https:\/\/esmusica.org\/blog\/wp-json\/wp\/v2\/posts\/229\/revisions"}],"predecessor-version":[{"id":234,"href":"https:\/\/esmusica.org\/blog\/wp-json\/wp\/v2\/posts\/229\/revisions\/234"}],"wp:featuredmedia":[{"embeddable":true,"href":"https:\/\/esmusica.org\/blog\/wp-json\/wp\/v2\/media\/230"}],"wp:attachment":[{"href":"https:\/\/esmusica.org\/blog\/wp-json\/wp\/v2\/media?parent=229"}],"wp:term":[{"taxonomy":"category","embeddable":true,"href":"https:\/\/esmusica.org\/blog\/wp-json\/wp\/v2\/categories?post=229"},{"taxonomy":"post_tag","embeddable":true,"href":"https:\/\/esmusica.org\/blog\/wp-json\/wp\/v2\/tags?post=229"}],"curies":[{"name":"wp","href":"https:\/\/api.w.org\/{rel}","templated":true}]}}