{"id":235,"date":"2022-06-21T10:05:59","date_gmt":"2022-06-21T10:05:59","guid":{"rendered":"https:\/\/esmusica.org\/blog\/?p=235"},"modified":"2022-06-21T10:05:59","modified_gmt":"2022-06-21T10:05:59","slug":"dia-europeo-de-la-musica","status":"publish","type":"post","link":"https:\/\/esmusica.org\/blog\/dia-europeo-de-la-musica\/","title":{"rendered":"D\u00cdA EUROPEO DE LA M\u00daSICA"},"content":{"rendered":"<p>En este 21 de junio, como sab\u00e9is, D\u00eda Europeo de la M\u00fasica, nos gustar\u00eda hacer una reflexi\u00f3n:<\/p>\n<p>&nbsp;<\/p>\n<p style=\"text-align: center;\">\u00bfPod\u00e9is imaginar un d\u00eda SIN M\u00daSICA?<\/p>\n<p>&nbsp;<\/p>\n<p style=\"text-align: center;\">\u00bfUn d\u00eda sin que artistas,<\/p>\n<p style=\"text-align: center;\">sellos discogr\u00e1ficos,<\/p>\n<p style=\"text-align: center;\">promotores de conciertos,<\/p>\n<p style=\"text-align: center;\">festivales,<\/p>\n<p style=\"text-align: center;\">m\u00e1nagers<\/p>\n<p style=\"text-align: center;\">salas&#8230;<\/p>\n<p style=\"text-align: center;\">puedan manifestar el arte que les mantiene vivos?<\/p>\n<p>&nbsp;<\/p>\n<p style=\"text-align: center;\">Ser\u00eda absurdo, \u00bfverdad?<\/p>\n<p style=\"text-align: center;\">Hoy, #D\u00edaEuropeodelaM\u00fasica, damos las gracias a todos los que lo hacen posible los 365 d\u00edas del a\u00f1o.<\/p>\n<p style=\"text-align: center;\">\u00a1Viva la M\u00daSICA!<\/p>\n","protected":false},"excerpt":{"rendered":"<div class=\"mh-excerpt\"><p>En este 21 de junio, como sab\u00e9is, D\u00eda Europeo de la M\u00fasica, nos gustar\u00eda hacer una reflexi\u00f3n: &nbsp; \u00bfPod\u00e9is imaginar un d\u00eda SIN M\u00daSICA? &nbsp; <a class=\"mh-excerpt-more\" href=\"https:\/\/esmusica.org\/blog\/dia-europeo-de-la-musica\/\" title=\"D\u00cdA EUROPEO DE LA M\u00daSICA\">[&#8230;]<\/a><\/p>\n<\/div>","protected":false},"author":1,"featured_media":236,"comment_status":"open","ping_status":"open","sticky":false,"template":"","format":"standard","meta":{"footnotes":""},"categories":[1],"tags":[15,3,9,4,8,7,12,22,13,18,11,16,6],"class_list":["post-235","post","type-post","status-publish","format-standard","has-post-thumbnail","hentry","category-sin-categoria","tag-ayudas-sector-musica","tag-covid19","tag-creatividad","tag-cultura","tag-economia","tag-economia-de-la-cultura","tag-esmusica","tag-inaem","tag-industria-musical","tag-medidas-sanitarias-festivales-musica","tag-ministerio-cultura","tag-protocolos-sanitarios-conciertos","tag-reconstruccion"],"_links":{"self":[{"href":"https:\/\/esmusica.org\/blog\/wp-json\/wp\/v2\/posts\/235","targetHints":{"allow":["GET"]}}],"collection":[{"href":"https:\/\/esmusica.org\/blog\/wp-json\/wp\/v2\/posts"}],"about":[{"href":"https:\/\/esmusica.org\/blog\/wp-json\/wp\/v2\/types\/post"}],"author":[{"embeddable":true,"href":"https:\/\/esmusica.org\/blog\/wp-json\/wp\/v2\/users\/1"}],"replies":[{"embeddable":true,"href":"https:\/\/esmusica.org\/blog\/wp-json\/wp\/v2\/comments?post=235"}],"version-history":[{"count":1,"href":"https:\/\/esmusica.org\/blog\/wp-json\/wp\/v2\/posts\/235\/revisions"}],"predecessor-version":[{"id":237,"href":"https:\/\/esmusica.org\/blog\/wp-json\/wp\/v2\/posts\/235\/revisions\/237"}],"wp:featuredmedia":[{"embeddable":true,"href":"https:\/\/esmusica.org\/blog\/wp-json\/wp\/v2\/media\/236"}],"wp:attachment":[{"href":"https:\/\/esmusica.org\/blog\/wp-json\/wp\/v2\/media?parent=235"}],"wp:term":[{"taxonomy":"category","embeddable":true,"href":"https:\/\/esmusica.org\/blog\/wp-json\/wp\/v2\/categories?post=235"},{"taxonomy":"post_tag","embeddable":true,"href":"https:\/\/esmusica.org\/blog\/wp-json\/wp\/v2\/tags?post=235"}],"curies":[{"name":"wp","href":"https:\/\/api.w.org\/{rel}","templated":true}]}}