{"id":244,"date":"2022-07-08T12:24:58","date_gmt":"2022-07-08T12:24:58","guid":{"rendered":"https:\/\/esmusica.org\/blog\/?p=244"},"modified":"2022-07-08T12:25:34","modified_gmt":"2022-07-08T12:25:34","slug":"la-musica-en-vivo-recupera-el-pulso-este-verano-entrevista-es_musica-radio-autonomica-de-murcia","status":"publish","type":"post","link":"https:\/\/esmusica.org\/blog\/la-musica-en-vivo-recupera-el-pulso-este-verano-entrevista-es_musica-radio-autonomica-de-murcia\/","title":{"rendered":"LA M\u00daSICA EN VIVO RECUPERA EL PULSO ESTE VERANO (ENTREVISTA ES_M\u00daSICA PARA RADIO AUTON\u00d3MICA DE MURCIA)"},"content":{"rendered":"<p>El sector de la\u00a0<strong>m\u00fasica en directo recupera el pulso con un verano<\/strong>\u00a0con grandes giras de artistas internacionales y multitud de festivales.<\/p>\n<p>Los profesionales esperaban un verano de recuperaci\u00f3n pero no se imaginaban que fuera\u00a0 a ser de tales dimensiones.\u00a0<strong>Hay ganas de conciertos,<\/strong>\u00a0son muchos los programados y de hecho cuesta bastante encontrar p<strong>ersonal especializado<\/strong>\u00a0para ellos, seg\u00fan explica<strong>\u00a0Carol Rodr\u00edguez, miembro de la Asociaci\u00f3n de Promotores Musicales y de la Federaci\u00f3n de la M\u00fasica de Espa\u00f1a, Es_M\u00fasica.\u00a0<\/strong><\/p>\n<p>No hay comunidad espa\u00f1ola que no celebre este verano alg\u00fan festival, algunos del mismo estilo que \u00a0incluso coinciden en fechas como este\u00a0<strong>fin de semana el Mad Cool en Madrid y el BBK Live<\/strong>\u00a0en Bilbao. La relaci\u00f3n de turismo y m\u00fasica es es cada vez m\u00e1s estrecha y los promotores, empresarios y\u00a0administraciones trabajan a mano a mano para\u00a0coordinarse.<\/p>\n<p><a href=\"https:\/\/www.orm.es\/informativos\/region-de-murcia-noticias\/la-musica-en-vivo-recupera-el-pulso-este-verano\/\">LINK<\/a> para escuchar la entrevista completa.<\/p>\n","protected":false},"excerpt":{"rendered":"<div class=\"mh-excerpt\"><p>El sector de la\u00a0m\u00fasica en directo recupera el pulso con un verano\u00a0con grandes giras de artistas internacionales y multitud de festivales. Los profesionales esperaban un <a class=\"mh-excerpt-more\" href=\"https:\/\/esmusica.org\/blog\/la-musica-en-vivo-recupera-el-pulso-este-verano-entrevista-es_musica-radio-autonomica-de-murcia\/\" title=\"LA M\u00daSICA EN VIVO RECUPERA EL PULSO ESTE VERANO (ENTREVISTA ES_M\u00daSICA PARA RADIO AUTON\u00d3MICA DE MURCIA)\">[&#8230;]<\/a><\/p>\n<\/div>","protected":false},"author":1,"featured_media":245,"comment_status":"open","ping_status":"open","sticky":false,"template":"","format":"standard","meta":{"footnotes":""},"categories":[1],"tags":[3,9,4,8,7,12,5,21,13,26,28],"class_list":["post-244","post","type-post","status-publish","format-standard","has-post-thumbnail","hentry","category-sin-categoria","tag-covid19","tag-creatividad","tag-cultura","tag-economia","tag-economia-de-la-cultura","tag-esmusica","tag-europa","tag-festivales","tag-industria-musical","tag-musica","tag-musica-en-vivo"],"_links":{"self":[{"href":"https:\/\/esmusica.org\/blog\/wp-json\/wp\/v2\/posts\/244","targetHints":{"allow":["GET"]}}],"collection":[{"href":"https:\/\/esmusica.org\/blog\/wp-json\/wp\/v2\/posts"}],"about":[{"href":"https:\/\/esmusica.org\/blog\/wp-json\/wp\/v2\/types\/post"}],"author":[{"embeddable":true,"href":"https:\/\/esmusica.org\/blog\/wp-json\/wp\/v2\/users\/1"}],"replies":[{"embeddable":true,"href":"https:\/\/esmusica.org\/blog\/wp-json\/wp\/v2\/comments?post=244"}],"version-history":[{"count":2,"href":"https:\/\/esmusica.org\/blog\/wp-json\/wp\/v2\/posts\/244\/revisions"}],"predecessor-version":[{"id":247,"href":"https:\/\/esmusica.org\/blog\/wp-json\/wp\/v2\/posts\/244\/revisions\/247"}],"wp:featuredmedia":[{"embeddable":true,"href":"https:\/\/esmusica.org\/blog\/wp-json\/wp\/v2\/media\/245"}],"wp:attachment":[{"href":"https:\/\/esmusica.org\/blog\/wp-json\/wp\/v2\/media?parent=244"}],"wp:term":[{"taxonomy":"category","embeddable":true,"href":"https:\/\/esmusica.org\/blog\/wp-json\/wp\/v2\/categories?post=244"},{"taxonomy":"post_tag","embeddable":true,"href":"https:\/\/esmusica.org\/blog\/wp-json\/wp\/v2\/tags?post=244"}],"curies":[{"name":"wp","href":"https:\/\/api.w.org\/{rel}","templated":true}]}}