{"id":249,"date":"2022-07-18T09:37:40","date_gmt":"2022-07-18T09:37:40","guid":{"rendered":"https:\/\/esmusica.org\/blog\/?p=249"},"modified":"2022-07-18T09:37:40","modified_gmt":"2022-07-18T09:37:40","slug":"abierto-del-plazo-de-adhesion-de-empresas-y-entidades-del-sector-cultural-al-programa-del-bono-cultural-joven","status":"publish","type":"post","link":"https:\/\/esmusica.org\/blog\/abierto-del-plazo-de-adhesion-de-empresas-y-entidades-del-sector-cultural-al-programa-del-bono-cultural-joven\/","title":{"rendered":"ABIERTO DEL PLAZO DE ADHESI\u00d3N DE EMPRESAS Y ENTIDADES DEL SECTOR CULTURAL AL PROGRAMA DEL BONO CULTURAL JOVEN"},"content":{"rendered":"<p>Comenzamos la semana con el anuncio de la apertura del plazo de adhesi\u00f3n para empresas y entidades del sector cultural al programa del <strong>Bono Cultural Joven<\/strong>. Estamos ante un gran avance en torno a esta medida que ha despertado bastante expectaci\u00f3n desde que se hizo p\u00fablica y es un <strong>paso indispensable<\/strong> para que pueda abrirse el programa a los j\u00f3venes que cumplan 18 a\u00f1os durante 2022. Es m\u00e1s, se prev\u00e9 que <strong>en solo unas semanas se ponga en marcha el programa<\/strong>, con el principal objetivo de funcionar como impulso para el disfrute y descubrimiento de actividades culturales y, por consiguiente, para la venta de entradas.<\/p>\n<p>El Ministerio de Cultura y Deporte ha elaborado el material explicativo que ofrece <strong>respuesta a las cuestiones m\u00e1s relevantes<\/strong> acerca de la medida, as\u00ed como un <strong>manual de instrucciones para empresas y entidades culturales<\/strong> que pretendan adherirse y que recoge los pasos a seguir para la adhesi\u00f3n, los productos incluidos y limitaciones, adem\u00e1s de la documentaci\u00f3n requerida.<\/p>\n<p>Toda la informaci\u00f3n completa en el siguiente enlace:\u00a0<a href=\"https:\/\/www.culturaydeporte.gob.es\/destacados\/bono-cultural-joven.html\">https:\/\/www.culturaydeporte.gob.es\/destacados\/bono-cultural-joven.html<\/a><\/p>\n<p>&nbsp;<\/p>\n","protected":false},"excerpt":{"rendered":"<div class=\"mh-excerpt\"><p>Comenzamos la semana con el anuncio de la apertura del plazo de adhesi\u00f3n para empresas y entidades del sector cultural al programa del Bono Cultural <a class=\"mh-excerpt-more\" href=\"https:\/\/esmusica.org\/blog\/abierto-del-plazo-de-adhesion-de-empresas-y-entidades-del-sector-cultural-al-programa-del-bono-cultural-joven\/\" title=\"ABIERTO DEL PLAZO DE ADHESI\u00d3N DE EMPRESAS Y ENTIDADES DEL SECTOR CULTURAL AL PROGRAMA DEL BONO CULTURAL JOVEN\">[&#8230;]<\/a><\/p>\n<\/div>","protected":false},"author":1,"featured_media":250,"comment_status":"open","ping_status":"open","sticky":false,"template":"","format":"standard","meta":{"footnotes":""},"categories":[1],"tags":[23,15,4,12,21,13,11,26,28,14,24],"class_list":["post-249","post","type-post","status-publish","format-standard","has-post-thumbnail","hentry","category-sin-categoria","tag-ayudas","tag-ayudas-sector-musica","tag-cultura","tag-esmusica","tag-festivales","tag-industria-musical","tag-ministerio-cultura","tag-musica","tag-musica-en-vivo","tag-sector-musical","tag-subvenciones"],"_links":{"self":[{"href":"https:\/\/esmusica.org\/blog\/wp-json\/wp\/v2\/posts\/249","targetHints":{"allow":["GET"]}}],"collection":[{"href":"https:\/\/esmusica.org\/blog\/wp-json\/wp\/v2\/posts"}],"about":[{"href":"https:\/\/esmusica.org\/blog\/wp-json\/wp\/v2\/types\/post"}],"author":[{"embeddable":true,"href":"https:\/\/esmusica.org\/blog\/wp-json\/wp\/v2\/users\/1"}],"replies":[{"embeddable":true,"href":"https:\/\/esmusica.org\/blog\/wp-json\/wp\/v2\/comments?post=249"}],"version-history":[{"count":1,"href":"https:\/\/esmusica.org\/blog\/wp-json\/wp\/v2\/posts\/249\/revisions"}],"predecessor-version":[{"id":251,"href":"https:\/\/esmusica.org\/blog\/wp-json\/wp\/v2\/posts\/249\/revisions\/251"}],"wp:featuredmedia":[{"embeddable":true,"href":"https:\/\/esmusica.org\/blog\/wp-json\/wp\/v2\/media\/250"}],"wp:attachment":[{"href":"https:\/\/esmusica.org\/blog\/wp-json\/wp\/v2\/media?parent=249"}],"wp:term":[{"taxonomy":"category","embeddable":true,"href":"https:\/\/esmusica.org\/blog\/wp-json\/wp\/v2\/categories?post=249"},{"taxonomy":"post_tag","embeddable":true,"href":"https:\/\/esmusica.org\/blog\/wp-json\/wp\/v2\/tags?post=249"}],"curies":[{"name":"wp","href":"https:\/\/api.w.org\/{rel}","templated":true}]}}