{"id":258,"date":"2022-09-21T15:37:49","date_gmt":"2022-09-21T15:37:49","guid":{"rendered":"https:\/\/esmusica.org\/blog\/?p=258"},"modified":"2022-09-21T15:37:49","modified_gmt":"2022-09-21T15:37:49","slug":"es_musica-presente-en-el-xvii-congreso-estatal-de-salas-de-conciertos","status":"publish","type":"post","link":"https:\/\/esmusica.org\/blog\/es_musica-presente-en-el-xvii-congreso-estatal-de-salas-de-conciertos\/","title":{"rendered":"ES_M\u00daSICA PRESENTE EN EL XVII CONGRESO ESTATAL DE SALAS DE CONCIERTOS"},"content":{"rendered":"<p><strong>El presidente de la Federaci\u00f3n de la M\u00fasica de Espa\u00f1a, Kin Mart\u00ednez,\u00a0 presente en el XVII Congreso Estatal de Salas de Conciertos que tiene lugar durante los d\u00edas 20 y 21 de septiembre en la capital murciana.<\/strong><\/p>\n<p>ACCES, la Asociaci\u00f3n Estatal de Salas de Conciertos, celebra este a\u00f1o el 17\u00ba Congreso de Salas de M\u00fasica en Directo en la capital murciana, y no es por casualidad. La Asociaci\u00f3n de Salas de la Regi\u00f3n firm\u00f3 recientemente un convenio con el Ayuntamiento de Murcia a trav\u00e9s del cual recibe una subvenci\u00f3n nominativa a Murcia Live!, con el objetivo de difundir y promover la m\u00fasica en directo en el municipio, potenciando los eventos musicales programados en las salas de conciertos bajo el marco de PANORAMA SALAS, fomentando el turismo y potenciando la ciudad de Murcia como destino cultural.<\/p>\n<p>Dentro de las actividades previstas en PANORAMA SALAS se celebrar\u00e1 en la ciudad de Murcia el 17\u00ba Congreso Estatal de Salas de M\u00fasica en Directo durante los d\u00edas 20 y 21 de septiembre. Para celebrar este reconocimiento, vital para estos espacios de cultura, punta de lanza de las reivindicaciones del sector desde hace 17 a\u00f1os, Murcia Live! y ACCES han querido hacer part\u00edcipe al m\u00e1ximo de salas de todo el pa\u00eds, y por este motivo han invitado a programadores y responsables de salas de las 17 Comunidades Aut\u00f3nomas (+ la ciudad de Ceuta), que se reunir\u00e1n los d\u00edas 20 y 21 de septiembre en el Pabell\u00f3n 2 del Cuartel de Artiller\u00eda de Murcia.<\/p>\n<p><a href=\"https:\/\/www.murcialive.es\/2022\/09\/16\/murcia-acogera-el-xvii-congreso-estatal-de-salas-de-conciertos\/\">M\u00e1s info<\/a><\/p>\n","protected":false},"excerpt":{"rendered":"<div class=\"mh-excerpt\"><p>El presidente de la Federaci\u00f3n de la M\u00fasica de Espa\u00f1a, Kin Mart\u00ednez,\u00a0 presente en el XVII Congreso Estatal de Salas de Conciertos que tiene lugar <a class=\"mh-excerpt-more\" href=\"https:\/\/esmusica.org\/blog\/es_musica-presente-en-el-xvii-congreso-estatal-de-salas-de-conciertos\/\" title=\"ES_M\u00daSICA PRESENTE EN EL XVII CONGRESO ESTATAL DE SALAS DE CONCIERTOS\">[&#8230;]<\/a><\/p>\n<\/div>","protected":false},"author":1,"featured_media":259,"comment_status":"open","ping_status":"open","sticky":false,"template":"","format":"standard","meta":{"footnotes":""},"categories":[1],"tags":[],"class_list":["post-258","post","type-post","status-publish","format-standard","has-post-thumbnail","hentry","category-sin-categoria"],"_links":{"self":[{"href":"https:\/\/esmusica.org\/blog\/wp-json\/wp\/v2\/posts\/258","targetHints":{"allow":["GET"]}}],"collection":[{"href":"https:\/\/esmusica.org\/blog\/wp-json\/wp\/v2\/posts"}],"about":[{"href":"https:\/\/esmusica.org\/blog\/wp-json\/wp\/v2\/types\/post"}],"author":[{"embeddable":true,"href":"https:\/\/esmusica.org\/blog\/wp-json\/wp\/v2\/users\/1"}],"replies":[{"embeddable":true,"href":"https:\/\/esmusica.org\/blog\/wp-json\/wp\/v2\/comments?post=258"}],"version-history":[{"count":1,"href":"https:\/\/esmusica.org\/blog\/wp-json\/wp\/v2\/posts\/258\/revisions"}],"predecessor-version":[{"id":260,"href":"https:\/\/esmusica.org\/blog\/wp-json\/wp\/v2\/posts\/258\/revisions\/260"}],"wp:featuredmedia":[{"embeddable":true,"href":"https:\/\/esmusica.org\/blog\/wp-json\/wp\/v2\/media\/259"}],"wp:attachment":[{"href":"https:\/\/esmusica.org\/blog\/wp-json\/wp\/v2\/media?parent=258"}],"wp:term":[{"taxonomy":"category","embeddable":true,"href":"https:\/\/esmusica.org\/blog\/wp-json\/wp\/v2\/categories?post=258"},{"taxonomy":"post_tag","embeddable":true,"href":"https:\/\/esmusica.org\/blog\/wp-json\/wp\/v2\/tags?post=258"}],"curies":[{"name":"wp","href":"https:\/\/api.w.org\/{rel}","templated":true}]}}