{"id":261,"date":"2022-09-22T08:27:20","date_gmt":"2022-09-22T08:27:20","guid":{"rendered":"https:\/\/esmusica.org\/blog\/?p=261"},"modified":"2022-09-22T08:27:20","modified_gmt":"2022-09-22T08:27:20","slug":"el-gobierno-avanza-en-el-desarrollo-del-estatuto-del-artista-con-la-reduccion-de-los-tipos-de-retencion-a-cuenta-del-irpf","status":"publish","type":"post","link":"https:\/\/esmusica.org\/blog\/el-gobierno-avanza-en-el-desarrollo-del-estatuto-del-artista-con-la-reduccion-de-los-tipos-de-retencion-a-cuenta-del-irpf\/","title":{"rendered":"EL GOBIERNO AVANZA EN EL DESARROLLO DEL ESTATUTO DEL ARTISTA CON LA REDUCCI\u00d3N DE LOS TIPOS DE RETENCI\u00d3N A CUENTA DEL IRPF"},"content":{"rendered":"<div accesskey=\"1\" class=\"row row-news\">\n<div class=\"container\">\n<div class=\"row-sumary\">\n<div id=\"ctl00_PlaceHolderMain_DisplayMode_noticia_divSummary\" class=\"banner-top-content slider-content\">\n<p>El ministro de Cultura y Deporte, Miquel Iceta, y la ministra de Hacienda y Funci\u00f3n P\u00fablica, Mar\u00eda Jes\u00fas Montero, han presidido la quinta reuni\u00f3n de la Comisi\u00f3n Interministerial para la elaboraci\u00f3n del Estatuto del Artista, que ha tenido lugar el mi\u00e9rcoles, 21 de septiembre.<\/p>\n<\/div>\n<\/div>\n<\/div>\n<\/div>\n<div id=\"ContentDetail\" class=\"row row-wrapper-content\">\n<div class=\"container\">\n<div id=\"MainContent\" class=\"column-content colum-content-news two-colum\">\n<p class=\"ms-rteElement-Parrafo_Normal\">En la reuni\u00f3n han participado tambi\u00e9n los ministerios de Presidencia, Relaciones con las Cortes y Memoria Democr\u00e1tica; Asuntos Econ\u00f3micos y Transformaci\u00f3n Digital; Trabajo y Econom\u00eda Social; Educaci\u00f3n y Formaci\u00f3n Profesional; Inclusi\u00f3n, Seguridad Social y Migraciones; y Universidades.<\/p>\n<p class=\"ms-rteElement-Parrafo_Normal\">Entre los avances alcanzados desde la \u00faltima reuni\u00f3n de la Comisi\u00f3n celebrada en junio, destaca, en el \u00e1mbito fiscal, la reducci\u00f3n de los tipos de retenci\u00f3n a cuenta del IRPF para los artistas, en casos de rendimientos inferiores a 15.000 euros anuales del 15% al 7%. Se aplicar\u00e1 tanto para rendimientos de trabajo, como para rendimientos de actividad profesional, incluidos los anticipos por derechos de autor.<\/p>\n<p class=\"ms-rteElement-Parrafo_Normal\">Tambi\u00e9n se ha acordado la reducci\u00f3n de tipo de retenci\u00f3n del IRPF para los contratos art\u00edsticos de duraci\u00f3n inferior a un a\u00f1o, que pasa del 15% al 2%. Esta medida permitir\u00e1, por ejemplo, recuperar la retenci\u00f3n reducida al sector de los\u00a0figurantes, que lo han reivindicado con fuerza para no ver disminuidos sus ya de por s\u00ed modestos ingresos.<\/p>\n<p class=\"ms-rteElement-Parrafo_Normal\">En el mismo \u00e1mbito fiscal, se ha dado cuenta del proceso de actualizaci\u00f3n de los ep\u00edgrafes del Impuesto de Actividades Econ\u00f3micas (IAE). Por un lado, se han revisado los encuadres de las distintas actividades culturales en los ep\u00edgrafes ya existentes, mejorando las definiciones de algunos de ellos. Esto permitir\u00e1 mantener un criterio homog\u00e9neo a la hora de dar de alta a un profesional de la cultura en estas tarifas que tienen repercusiones tributarias en otros impuestos.<\/p>\n<p class=\"ms-rteElement-Parrafo_Normal\">Y, por otro, derivado del anterior, se ha decidido la creaci\u00f3n de algunos ep\u00edgrafes nuevos en atenci\u00f3n a su especificidad, como es el caso, por ejemplo, de los escritores, los compositores musicales o los guionistas.<\/p>\n<p class=\"ms-rteElement-Parrafo_Normal\">Por otra parte, tambi\u00e9n se ha informado del inicio en los grupos de trabajo del estudio y debate de una propuesta para adaptar el sistema de prestaci\u00f3n por desempleo a las especificidades de la actividad de los artistas.<\/p>\n<h2>Cotizaciones a la Seguridad Social de los aut\u00f3nomos culturales<\/h2>\n<p class=\"ms-rteElement-Parrafo_Normal\">Adem\u00e1s, se ha iniciado ya el estudio y debate de una propuesta para adaptar el sistema de cotizaciones del r\u00e9gimen de aut\u00f3nomos a las especificidades de la actividad de los aut\u00f3nomos culturales.<\/p>\n<p class=\"ms-rteElement-Parrafo_Normal\">La intermitencia de muchos profesionales de la cultura no es tanto de actividad, sino de ingresos. Es habitual que estos profesionales alternen per\u00edodos de alta y de baja en el r\u00e9gimen de aut\u00f3nomos, para evitar el pago de las cotizaciones cuando no obtienen ingresos y no pueden hacer frente a los mismos. De esta manera, no pueden construir una vida laboral suficiente para tener derecho a prestaciones dignas de la seguridad social, estando condenados a la precariedad. La medida pretende adaptar el sistema de cotizaci\u00f3n al RETA de este sector, para paliar este problema.<\/p>\n<h2>Compatibilizar las pensiones<\/h2>\n<p class=\"ms-rteElement-Parrafo_Normal\">Tambi\u00e9n se ha dado cuenta en la reuni\u00f3n de la finalizaci\u00f3n de los trabajos para disponer de un borrador de texto normativo que recoge el acuerdo ya alcanzado con el Ministerio de Inclusi\u00f3n, Seguridad Social y Migraciones de cara a actualizar y completar la normativa de 2019 que regula la compatibilidad de las pensiones de jubilaci\u00f3n con el ejercicio de la actividad art\u00edstica y la percepci\u00f3n de derechos de propiedad intelectual.<\/p>\n<p class=\"ms-rteElement-Parrafo_Normal\">Desde 2019, solo se contemplaba la compatibilidad de la pensi\u00f3n de jubilaci\u00f3n con los derechos de propiedad intelectual. Fruto de los trabajos de la Comisi\u00f3n Interministerial del Estatuto del Artista, antes de fin de a\u00f1o se publicar\u00e1 la norma que tambi\u00e9n extiende la compatibilidad a los perceptores de pensiones no contributivas con un tope m\u00e1ximo, alcanzando la medida a los sectores m\u00e1s vulnerables.<\/p>\n<h2>Balance positivo<\/h2>\n<p class=\"ms-rteElement-Parrafo_Normal\"><span class=\"default-content-image\"><img decoding=\"async\" src=\"https:\/\/www.lamoncloa.gob.es\/serviciosdeprensa\/notasprensa\/cultura\/PublishingImages\/2022\/210922-reuni%C3%B3n-v-comisi%C3%B3n-estatuto-artista.jpg?RenditionID=33\" alt=\"Quinta reuni\u00f3n de la Comisi\u00f3n Interministerial para la elaboraci\u00f3n del Estatuto del Artista\" \/><span class=\"AutorF rs_skip renditionid33\">Quinta reuni\u00f3n de la Comisi\u00f3n Interministerial para la elaboraci\u00f3n del Estatuto del Artista.<\/span><\/span><\/p>\n<p class=\"ms-rteElement-Parrafo_Normal\">Desde que en septiembre de 2021 se constituyera la Comisi\u00f3n Interministerial para el desarrollo del Estatuto del Artista, los ocho ministerios que la integran han logrado o est\u00e1n a punto de lograr acuerdos relativos a 46 (el 79%) de las 58 medidas incluidas en el\u00a0<a href=\"https:\/\/www.congreso.es\/backoffice_doc\/prensa\/notas_prensa\/61825_1536230939806.pdf\" target=\"_blank\" rel=\"noopener\">informe que para la elaboraci\u00f3n de un Estatuto del Artista aprob\u00f3 el Congreso de los Diputados<\/a>\u00a0por unanimidad en 2018.<\/p>\n<p class=\"ms-rteElement-Parrafo_Normal\">Algunas de las medidas aprobadas ya han iniciado su tramitaci\u00f3n legislativa y otras est\u00e1n en v\u00edas de hacerlo en breve.<\/p>\n<h2>Plan de Recuperaci\u00f3n, Transformaci\u00f3n y Resiliencia<\/h2>\n<p class=\"ms-rteElement-Parrafo_Normal\">La elaboraci\u00f3n del Estatuto del Artista es una de las reformas incluidas en el\u00a0<a href=\"https:\/\/planderecuperacion.gob.es\/politicas-y-componentes\/componente-24-revalorizacion-de-la-industria-cultural\" target=\"_blank\" rel=\"noopener\">Componente 24 del Plan de Recuperaci\u00f3n, Transformaci\u00f3n y Resiliencia<\/a>.<\/p>\n<p class=\"ms-rteElement-Parrafo_Normal\">Para su desarrollo, los ocho ministerios implicados est\u00e1n en di\u00e1logo permanente con los sectores culturales. El Ministerio de Cultura y Deporte coordina e impulsa los trabajos.<\/p>\n<p class=\"ms-rteElement-Parrafo_Normal\">Adem\u00e1s, el ministro Miquel Iceta est\u00e1 manteniendo reuniones de trabajo con el sector cultural de los territorios a los que viaja, de forma que recibe de primera mano las necesidades del sector teniendo en cuenta tambi\u00e9n sus especificidades en cada territorio de Espa\u00f1a.<\/p>\n<p class=\"ms-rteElement-Parrafo_Normal\">La Comisi\u00f3n Interministerial para el Estatuto del Artista la componen los ministerios de Cultura y Deporte; Presidencia, Relaciones con las Cortes y Memoria Democr\u00e1tica; Asuntos Econ\u00f3micos y Transformaci\u00f3n Digital; Trabajo y Econom\u00eda Social; Hacienda y Funci\u00f3n P\u00fablica; Educaci\u00f3n y Formaci\u00f3n Profesional; Inclusi\u00f3n, Seguridad Social y Migraciones, y Universidades.<\/p>\n<\/div>\n<p>(Texto y fotos: https:\/\/www.lamoncloa.gob.es\/)<\/p>\n<\/div>\n<\/div>\n","protected":false},"excerpt":{"rendered":"<div class=\"mh-excerpt\"><p>El ministro de Cultura y Deporte, Miquel Iceta, y la ministra de Hacienda y Funci\u00f3n P\u00fablica, Mar\u00eda Jes\u00fas Montero, han presidido la quinta reuni\u00f3n de <a class=\"mh-excerpt-more\" href=\"https:\/\/esmusica.org\/blog\/el-gobierno-avanza-en-el-desarrollo-del-estatuto-del-artista-con-la-reduccion-de-los-tipos-de-retencion-a-cuenta-del-irpf\/\" title=\"EL GOBIERNO AVANZA EN EL DESARROLLO DEL ESTATUTO DEL ARTISTA CON LA REDUCCI\u00d3N DE LOS TIPOS DE RETENCI\u00d3N A CUENTA DEL IRPF\">[&#8230;]<\/a><\/p>\n<\/div>","protected":false},"author":1,"featured_media":262,"comment_status":"open","ping_status":"open","sticky":false,"template":"","format":"standard","meta":{"footnotes":""},"categories":[1],"tags":[23,15,10,4,7,12,13,14],"class_list":["post-261","post","type-post","status-publish","format-standard","has-post-thumbnail","hentry","category-sin-categoria","tag-ayudas","tag-ayudas-sector-musica","tag-comunicado-oficial","tag-cultura","tag-economia-de-la-cultura","tag-esmusica","tag-industria-musical","tag-sector-musical"],"_links":{"self":[{"href":"https:\/\/esmusica.org\/blog\/wp-json\/wp\/v2\/posts\/261","targetHints":{"allow":["GET"]}}],"collection":[{"href":"https:\/\/esmusica.org\/blog\/wp-json\/wp\/v2\/posts"}],"about":[{"href":"https:\/\/esmusica.org\/blog\/wp-json\/wp\/v2\/types\/post"}],"author":[{"embeddable":true,"href":"https:\/\/esmusica.org\/blog\/wp-json\/wp\/v2\/users\/1"}],"replies":[{"embeddable":true,"href":"https:\/\/esmusica.org\/blog\/wp-json\/wp\/v2\/comments?post=261"}],"version-history":[{"count":1,"href":"https:\/\/esmusica.org\/blog\/wp-json\/wp\/v2\/posts\/261\/revisions"}],"predecessor-version":[{"id":263,"href":"https:\/\/esmusica.org\/blog\/wp-json\/wp\/v2\/posts\/261\/revisions\/263"}],"wp:featuredmedia":[{"embeddable":true,"href":"https:\/\/esmusica.org\/blog\/wp-json\/wp\/v2\/media\/262"}],"wp:attachment":[{"href":"https:\/\/esmusica.org\/blog\/wp-json\/wp\/v2\/media?parent=261"}],"wp:term":[{"taxonomy":"category","embeddable":true,"href":"https:\/\/esmusica.org\/blog\/wp-json\/wp\/v2\/categories?post=261"},{"taxonomy":"post_tag","embeddable":true,"href":"https:\/\/esmusica.org\/blog\/wp-json\/wp\/v2\/tags?post=261"}],"curies":[{"name":"wp","href":"https:\/\/api.w.org\/{rel}","templated":true}]}}