{"id":266,"date":"2022-10-20T20:41:07","date_gmt":"2022-10-20T20:41:07","guid":{"rendered":"https:\/\/esmusica.org\/blog\/?p=266"},"modified":"2022-10-21T21:37:54","modified_gmt":"2022-10-21T21:37:54","slug":"ampliacion-a-tres-meses-de-los-plazos-para-resolver-las-ayudas-a-la-modernizacion-de-las-estructuras-de-las-artes-escenicas-y-musica","status":"publish","type":"post","link":"https:\/\/esmusica.org\/blog\/ampliacion-a-tres-meses-de-los-plazos-para-resolver-las-ayudas-a-la-modernizacion-de-las-estructuras-de-las-artes-escenicas-y-musica\/","title":{"rendered":"AMPLIACI\u00d3N A TRES MESES DE LOS PLAZOS PARA RESOLVER LAS AYUDAS A LA MODERNIZACI\u00d3N DE LAS ESTRUCTURAS DE LAS ARTES ESC\u00c9NICAS Y M\u00daSICA"},"content":{"rendered":"<p>Se ha producido una nueva actualizaci\u00f3n y ampliaci\u00f3n (la segunda) por parte del INAEM sobre la resoluci\u00f3n de los plazos de las <strong>Ayudas para la modernizaci\u00f3n de las estructuras de gesti\u00f3n art\u00edstica<\/strong> en el \u00e1mbito de las artes esc\u00e9nicas y de la m\u00fasica del a\u00f1o 2021. Como sab\u00e9is, el Ministerio de Cultura convoc\u00f3 el pasado 23 de diciembre estas ayudas, las primeras subvenciones para el sector musical\u00a0<strong>correspondientes a los fondos europeos<\/strong>, con una dotaci\u00f3n presupuestaria total para estas ayudas este a\u00f1o es de<strong>\u00a0<\/strong><strong>17.930.000 euros <\/strong>y para las cuales se han presentado 1.800 proyectos.<\/p>\n<p>A continuaci\u00f3n, las novedades que recoge:<\/p>\n<ul>\n<li><strong>Ampliaci\u00f3n por segunda vez el plazo para resolver las ayudas<\/strong>, es decir, para publicar la resoluci\u00f3n de los beneficiarios. Antes el plazo m\u00e1ximo para publicar la resoluci\u00f3n de beneficiarios era hasta el pr\u00f3ximo lunes 24 de octubre de 2022 y ahora <strong>el plazo m\u00e1ximo es hasta el 25 de enero de 2023.<\/strong><\/li>\n<li><strong>Se mantiene el plazo de ejecuci\u00f3n <\/strong>de los proyectos presentados hasta el<strong> 30 de diciembre de 2022.<\/strong><\/li>\n<li><strong>Se mantiene el plazo de justificaci\u00f3n <\/strong>de las ayudas hasta el<strong> 28 de febrero de 2023<\/strong>.<\/li>\n<\/ul>\n<p>En el caso de que publiquen en la fecha l\u00edmite comentada, la fecha de finalizaci\u00f3n del plazo de ejecuci\u00f3n de los proyectos (30 de diciembre del presente a\u00f1o) ser\u00eda anterior a la publicaci\u00f3n del listado definitivo de beneficiaros (25 de enero de 2023), lo que dificultar\u00eda enormemente la capacidad de previsi\u00f3n de los solicitantes y lo que podr\u00eda tener como consecuencia renuncias a estas ayudas por parte de las empresas beneficiarias.<\/p>\n<p>Podr\u00e9is consultar m\u00e1s informaci\u00f3n en la p\u00e1gina web del Ministerio de Cultura y pinchando <strong><a href=\"https:\/\/www.culturaydeporte.gob.es\/dam\/jcr:5f8d0b3f-b3cc-4202-9da8-dbc17a660d5b\/borrador-resoluci-n3-de-ampliaci-n-del-plazo-de-resoluci-n-convocatoria-modernizaci-n-de-estructuras1818-2-pdf-xsig.pdf\">en este enlace<\/a><\/strong><\/p>\n<p>&nbsp;<\/p>\n<p style=\"text-align: center;\"><strong>\u00a1IMPORTANTE!<\/strong><\/p>\n<p>&nbsp;<\/p>\n<p>Durante la ma\u00f1ana del 21 de octubre se anuncia que el Director del INAEM, Joan Francesc Marco, ha firmado la resoluci\u00f3n que modifica este \u00faltimo documento y publicado en el mismo portal web. En esa actualizaci\u00f3n se da a conocer que el<b>\u00a0INAEM rectifica y ampl\u00eda a tres meses todos los plazos de las ayudas a la modernizaci\u00f3n de las estructuras de las artes esc\u00e9nicas y m\u00fasica.<\/b><\/p>\n<p style=\"text-align: justify; background: white;\"><span style=\"color: black;\">Con esta decisi\u00f3n, se ha respondido a la petici\u00f3n generalizada del sector de ampliar todos los plazos para <b>poder llevar a t\u00e9rmino los proyectos y poder garantizar tambi\u00e9n una mejor y mayor planificaci\u00f3n de los gastos.\u00a0<\/b><\/span><\/p>\n<p>&nbsp;<\/p>\n","protected":false},"excerpt":{"rendered":"<div class=\"mh-excerpt\"><p>Se ha producido una nueva actualizaci\u00f3n y ampliaci\u00f3n (la segunda) por parte del INAEM sobre la resoluci\u00f3n de los plazos de las Ayudas para la <a class=\"mh-excerpt-more\" href=\"https:\/\/esmusica.org\/blog\/ampliacion-a-tres-meses-de-los-plazos-para-resolver-las-ayudas-a-la-modernizacion-de-las-estructuras-de-las-artes-escenicas-y-musica\/\" title=\"AMPLIACI\u00d3N A TRES MESES DE LOS PLAZOS PARA RESOLVER LAS AYUDAS A LA MODERNIZACI\u00d3N DE LAS ESTRUCTURAS DE LAS ARTES ESC\u00c9NICAS Y M\u00daSICA\">[&#8230;]<\/a><\/p>\n<\/div>","protected":false},"author":1,"featured_media":267,"comment_status":"open","ping_status":"open","sticky":false,"template":"","format":"standard","meta":{"footnotes":""},"categories":[1],"tags":[23,15,4,8,7,12,13,11,29,26,28,6,24],"class_list":["post-266","post","type-post","status-publish","format-standard","has-post-thumbnail","hentry","category-sin-categoria","tag-ayudas","tag-ayudas-sector-musica","tag-cultura","tag-economia","tag-economia-de-la-cultura","tag-esmusica","tag-industria-musical","tag-ministerio-cultura","tag-modernizacion","tag-musica","tag-musica-en-vivo","tag-reconstruccion","tag-subvenciones"],"_links":{"self":[{"href":"https:\/\/esmusica.org\/blog\/wp-json\/wp\/v2\/posts\/266","targetHints":{"allow":["GET"]}}],"collection":[{"href":"https:\/\/esmusica.org\/blog\/wp-json\/wp\/v2\/posts"}],"about":[{"href":"https:\/\/esmusica.org\/blog\/wp-json\/wp\/v2\/types\/post"}],"author":[{"embeddable":true,"href":"https:\/\/esmusica.org\/blog\/wp-json\/wp\/v2\/users\/1"}],"replies":[{"embeddable":true,"href":"https:\/\/esmusica.org\/blog\/wp-json\/wp\/v2\/comments?post=266"}],"version-history":[{"count":4,"href":"https:\/\/esmusica.org\/blog\/wp-json\/wp\/v2\/posts\/266\/revisions"}],"predecessor-version":[{"id":271,"href":"https:\/\/esmusica.org\/blog\/wp-json\/wp\/v2\/posts\/266\/revisions\/271"}],"wp:featuredmedia":[{"embeddable":true,"href":"https:\/\/esmusica.org\/blog\/wp-json\/wp\/v2\/media\/267"}],"wp:attachment":[{"href":"https:\/\/esmusica.org\/blog\/wp-json\/wp\/v2\/media?parent=266"}],"wp:term":[{"taxonomy":"category","embeddable":true,"href":"https:\/\/esmusica.org\/blog\/wp-json\/wp\/v2\/categories?post=266"},{"taxonomy":"post_tag","embeddable":true,"href":"https:\/\/esmusica.org\/blog\/wp-json\/wp\/v2\/tags?post=266"}],"curies":[{"name":"wp","href":"https:\/\/api.w.org\/{rel}","templated":true}]}}