{"id":272,"date":"2022-10-24T10:47:22","date_gmt":"2022-10-24T10:47:22","guid":{"rendered":"https:\/\/esmusica.org\/blog\/?p=272"},"modified":"2023-03-13T18:26:47","modified_gmt":"2023-03-13T18:26:47","slug":"la-federacion-de-la-musica-de-espana-presente-en-bime-2022","status":"publish","type":"post","link":"https:\/\/esmusica.org\/blog\/la-federacion-de-la-musica-de-espana-presente-en-bime-2022\/","title":{"rendered":"LA FEDERACI\u00d3N DE LA M\u00daSICA DE ESPA\u00d1A, PRESENTE EN BIME 2022"},"content":{"rendered":"<p>El pasado <strong>28 de octubre<\/strong> la<strong> Federaci\u00f3n de la M\u00fasica de Espa\u00f1a, Es_M\u00fasica, <\/strong>culmin\u00f3 con <strong>gran \u00e9xito <\/strong>su presencia en<strong> BIME PRO 2022, <\/strong>el \u00a0<strong>Encuentro Internacional de la Industria Musical<\/strong>, que este a\u00f1o celebraba su d\u00e9cimo aniversario en el Palacio Euskalduna de Bilbao, clausurando el evento con las positivas cifras de <strong>4.500 asistentes<\/strong>.<\/p>\n<p><strong>Es_M\u00fasica<\/strong> estuvo presente llevando a cabo un <em>acto de inter\u00e9s general<\/em> en el que desarroll\u00f3 un <strong><em>panel formativo<\/em><\/strong> que llevaba por t\u00edtulo \u201c<strong>La realidad de la industria musical: un futuro por explorar\u201d, <\/strong>una interesante reflexi\u00f3n sobre la situaci\u00f3n de la industria musical en la actualidad y las posibilidades y retos que se abren en el futuro.<\/p>\n<p>El debate se llev\u00f3 a cabo en una mesa integrada por los <strong>principales representantes de los sectores musicales que conforman Es_M\u00fasica:<\/strong><\/p>\n<ul>\n<li style=\"list-style-type: none;\">\n<ul>\n<li><strong>\u00a0<\/strong><strong>Kin Mart\u00ednez<\/strong> \u2013 Director de EsmerArte Industrias Creativas y Presidente de la Federaci\u00f3n de la M\u00fasica de Espa\u00f1a, Es_M\u00fasica.<\/li>\n<li><strong>Albert Salmer\u00f3n<\/strong> &#8211; Presidente de APM y miembro de la Junta Directiva de Es_M\u00fasica.<\/li>\n<li><strong>David Garrido Casas<\/strong> \u2013 Coordinador de Artes Esc\u00e9nicas y Musicales de SGAE y miembro de la Junta Directiva de Es_M\u00fasica.<\/li>\n<li><strong>Soco Collado<\/strong> \u2013 Directora de Relaciones Institucionales y Comunicaci\u00f3n de PROMUSICAE y miembro de la Junta Directiva de Es_M\u00fasica.<\/li>\n<li><strong>Manuel L\u00f3pez <\/strong>(Modera\/conductor del panel) &#8211; Coordinador de la Oficina T\u00e9cnica de la Federaci\u00f3n de la M\u00fasica de Espa\u00f1a, Es_M\u00fasica \u2013 CEO y Abogado Musical de Sympathy for the Lawyer.<\/li>\n<\/ul>\n<\/li>\n<\/ul>\n<p>Como plato fuerte, <strong>Es_M\u00fasica<\/strong> cont\u00f3 con la presencia de <strong>Eduardo Fern\u00e1ndez Palomares, Subsecretario del Ministerio de Cultura y Deporte<\/strong>, quien con su participaci\u00f3n refrend\u00f3 la implicaci\u00f3n de la administraci\u00f3n p\u00fablica con la Cultura y, en concreto, con un sector tan vapuleado estos \u00faltimos a\u00f1os como es de la M\u00fasica. El encuentro tuvo una gran acogida por parte del p\u00fablico y todos los all\u00ed presentes pudieron ser testigos de un hito hist\u00f3rico de cohesi\u00f3n del sector y buen entendimiento con las fuerzas pol\u00edticas, que permitir\u00e1 sentar las bases del futuro <strong>Instituto de la M\u00fasica<\/strong>, una entidad fundamental para la vertebraci\u00f3n e impulso de la industria musical de nuestro pa\u00eds, que permita el desarrollo del verdadero potencial de este sector generador de empleo y que contribuya de manera esencial a proyectar nuestra cultura a nivel nacional e internacional.<\/p>\n<p>La jornada de profesionales para Es_M\u00fasica concluy\u00f3 con la celebraci\u00f3n de la <strong><em>Reuni\u00f3n Ordinaria Anual de la Junta Directiva de la Federaci\u00f3n<\/em>, <\/strong>un encuentro que permiti\u00f3 a sus integrantes repasar los aspectos primordiales de la actividad de la entidad y objetivos y retos de cara al nuevo ejercicio.<\/p>\n<p>&nbsp;<\/p>\n<p>&nbsp;<\/p>\n<p>&nbsp;<\/p>\n<p>&nbsp;<\/p>\n","protected":false},"excerpt":{"rendered":"<div class=\"mh-excerpt\"><p>El pasado 28 de octubre la Federaci\u00f3n de la M\u00fasica de Espa\u00f1a, Es_M\u00fasica, culmin\u00f3 con gran \u00e9xito su presencia en BIME PRO 2022, el \u00a0Encuentro <a class=\"mh-excerpt-more\" href=\"https:\/\/esmusica.org\/blog\/la-federacion-de-la-musica-de-espana-presente-en-bime-2022\/\" title=\"LA FEDERACI\u00d3N DE LA M\u00daSICA DE ESPA\u00d1A, PRESENTE EN BIME 2022\">[&#8230;]<\/a><\/p>\n<\/div>","protected":false},"author":1,"featured_media":275,"comment_status":"open","ping_status":"open","sticky":false,"template":"","format":"standard","meta":{"footnotes":""},"categories":[1],"tags":[30,31,4,13,28],"class_list":["post-272","post","type-post","status-publish","format-standard","has-post-thumbnail","hentry","category-sin-categoria","tag-bime","tag-congresos","tag-cultura","tag-industria-musical","tag-musica-en-vivo"],"_links":{"self":[{"href":"https:\/\/esmusica.org\/blog\/wp-json\/wp\/v2\/posts\/272","targetHints":{"allow":["GET"]}}],"collection":[{"href":"https:\/\/esmusica.org\/blog\/wp-json\/wp\/v2\/posts"}],"about":[{"href":"https:\/\/esmusica.org\/blog\/wp-json\/wp\/v2\/types\/post"}],"author":[{"embeddable":true,"href":"https:\/\/esmusica.org\/blog\/wp-json\/wp\/v2\/users\/1"}],"replies":[{"embeddable":true,"href":"https:\/\/esmusica.org\/blog\/wp-json\/wp\/v2\/comments?post=272"}],"version-history":[{"count":4,"href":"https:\/\/esmusica.org\/blog\/wp-json\/wp\/v2\/posts\/272\/revisions"}],"predecessor-version":[{"id":317,"href":"https:\/\/esmusica.org\/blog\/wp-json\/wp\/v2\/posts\/272\/revisions\/317"}],"wp:featuredmedia":[{"embeddable":true,"href":"https:\/\/esmusica.org\/blog\/wp-json\/wp\/v2\/media\/275"}],"wp:attachment":[{"href":"https:\/\/esmusica.org\/blog\/wp-json\/wp\/v2\/media?parent=272"}],"wp:term":[{"taxonomy":"category","embeddable":true,"href":"https:\/\/esmusica.org\/blog\/wp-json\/wp\/v2\/categories?post=272"},{"taxonomy":"post_tag","embeddable":true,"href":"https:\/\/esmusica.org\/blog\/wp-json\/wp\/v2\/tags?post=272"}],"curies":[{"name":"wp","href":"https:\/\/api.w.org\/{rel}","templated":true}]}}