{"id":306,"date":"2023-01-13T10:15:28","date_gmt":"2023-01-13T10:15:28","guid":{"rendered":"https:\/\/esmusica.org\/blog\/?p=306"},"modified":"2023-01-13T11:14:01","modified_gmt":"2023-01-13T11:14:01","slug":"comunicado-es_musica-sobre-el-real-decreto-ley-1-2023-y-el-desarrollo-del-estatuto-del-artista","status":"publish","type":"post","link":"https:\/\/esmusica.org\/blog\/comunicado-es_musica-sobre-el-real-decreto-ley-1-2023-y-el-desarrollo-del-estatuto-del-artista\/","title":{"rendered":"COMUNICADO ES_M\u00daSICA SOBRE EL REAL DECRETO-LEY 1\/2023 Y  EL DESARROLLO DEL ESTATUTO DEL ARTISTA"},"content":{"rendered":"<p>Desde la <strong>Federaci\u00f3n de la M\u00fasica de Espa\u00f1a, Es_M\u00fasica<\/strong>, entidad que representa y promueve los intereses colectivos del sector de la m\u00fasica de Espa\u00f1a, consideramos como una buena noticia para el sector cultural las medidas del Real Decreto-ley 1\/2023 del pasado martes 10 de enero. Estamos ante unos avances que suponen un primer paso firme y en positivo de otros cambios importantes que se tienen que suceder para que el Estatuto del Artista tenga un \u00e9xito verdaderamente trasformador en nuestro pa\u00eds.<\/p>\n<p>Valoramos muy positivamente la creaci\u00f3n de una <strong>prestaci\u00f3n por desempleo<\/strong> para las personas trabajadoras del sector cultural (ya sean artistas, t\u00e9cnicos o auxiliares), que establece una duraci\u00f3n de la prestaci\u00f3n de cuatro meses y est\u00e1 dotada con una cuant\u00eda de hasta el 100% del Indicador P\u00fablico de Renta de Efectos M\u00faltiples (IPREM) para las cotizaciones que superen el umbral de 61 euros (600 euros). No obstante, consideramos que podr\u00edan ser unas cuant\u00edas y per\u00edodos insuficientes en momentos en los que estos profesionales no est\u00e1n desempe\u00f1ando actividad y, por tanto, puedan estar desprotegidos.<\/p>\n<p>Por otro lado, la <strong>compatibilidad entre la pensi\u00f3n de jubilaci\u00f3n y el desarrollo de actividades art\u00edsticas<\/strong> era algo totalmente necesario para corregir las situaciones injustas que hasta ahora se generaban con los creadores y artistas jubilados, y que hac\u00eda tiempo necesitaba de una soluci\u00f3n completa para posibilitar la percepci\u00f3n de otros ingresos m\u00e1s all\u00e1 de los vinculados a derechos de propiedad intelectual.<\/p>\n<p>En cuanto a la nueva <strong>base de cotizaci\u00f3n de artistas aut\u00f3nomos con bajos ingresos<\/strong>, consideramos que esta medida todav\u00eda no ser\u00eda suficiente puesto que implica una cuota a pagar al mes de 161 euros (1.932 euros al a\u00f1o) cuando el artista no supera los 3.000 euros de ingresos anuales, lo que implica que los gastos de cotizaci\u00f3n suponen m\u00e1s del 65%, todo ello sin a\u00f1adir los gastos de gestor\u00eda, dietas, viajes, etc. Esta problem\u00e1tica afectar\u00e1 especialmente al sector de la m\u00fasica, pues gran parte de los proyectos musicales son producciones de los propios artistas, haciendo inviable la actividad de artistas emergentes y, en otros casos, con niveles de ingresos modestos.<\/p>\n<p>Nos encontramos pues en un punto en el que <strong>queda mucho trabajo por delante<\/strong> y desde Es_M\u00fasica creemos que ser\u00e1 totalmente determinante el desarrollo de las dos comisiones de trabajo anunciadas en el propio Real Decreto-ley 1\/2023 (grupo para estudio e impulso de medidas de reconocimiento de la intermitencia en el \u00e1mbito de la Seguridad Social de los artistas, y comisi\u00f3n para promover la evaluaci\u00f3n y el reconocimiento de determinadas enfermedades profesionales), as\u00ed como la evoluci\u00f3n de las reuniones entre el gobierno y las asociaciones sectoriales para la revisi\u00f3n definitiva de la normativa laboral del a\u00f1o 1985.<\/p>\n<p>Estamos ante una oportunidad hist\u00f3rica que no se puede desaprovechar para que el Estatuto del Artista implique una verdadera <strong>transformaci\u00f3n y modernizaci\u00f3n del marco jur\u00eddico y econ\u00f3mico<\/strong> de la cultura en nuestro pa\u00eds. Para ello, ser\u00e1 necesario tambi\u00e9n avanzar con el resto de medidas necesarias, especialmente con el desarrollo de nuevas f\u00f3rmulas de gesti\u00f3n y colaboraci\u00f3n entre el sector p\u00fablico y privado, e incentivos fiscales para las actividades de creaci\u00f3n musical y producci\u00f3n fonogr\u00e1fica que nos acerquen a los modelos m\u00e1s avanzados de otros pa\u00edses como Italia o Francia.<\/p>\n<p><strong><em>\u00a0<\/em><\/strong><\/p>\n<p><strong><em>Sobre la Federaci\u00f3n de la M\u00fasica de Espa\u00f1a, Es_M\u00fasica<\/em><\/strong><\/p>\n<p>La Federaci\u00f3n de la M\u00fasica de Espa\u00f1a (Es_M\u00fasica) es la entidad que representa y promueve los intereses colectivos del sector de la m\u00fasica de Espa\u00f1a, desde la m\u00fasica grabada y la m\u00fasica en vivo a las editoriales y sociedades de gesti\u00f3n de derechos.<\/p>\n<p>Constituida por las entidades sectoriales m\u00e1s representativas de la m\u00fasica espa\u00f1ola, act\u00faa como voz colectiva del sector para representar a m\u00e1s de 150.000 profesionales y empresas como autores e int\u00e9rpretes musicales, promotores de conciertos, festivales, representantes art\u00edsticos, salas de conciertos, productores fonogr\u00e1ficos, editoriales musicales, y otras categor\u00edas profesionales y empresariales relacionadas con la m\u00fasica.<\/p>\n<p>Es_M\u00fasica trabaja con las diferentes administraciones p\u00fablicas y con el conjunto de instituciones y empresas del sector con el objetivo de actualizar un gran marco de pol\u00edtica fiscal, de empleo, de formaci\u00f3n y educaci\u00f3n que atienda de manera eficaz las particularidades de este sector creativo. Un sector estrat\u00e9gico de primer orden que se apoya en el talento y la propiedad intelectual y que ejerce una gran influencia socio-econ\u00f3mica que revierte en una importante generaci\u00f3n de riqueza, nuevas profesiones y empleo, proyectando nuestra cultura a nivel nacional e internacional.<\/p>\n<p>&nbsp;<\/p>\n","protected":false},"excerpt":{"rendered":"<div class=\"mh-excerpt\"><p>Desde la Federaci\u00f3n de la M\u00fasica de Espa\u00f1a, Es_M\u00fasica, entidad que representa y promueve los intereses colectivos del sector de la m\u00fasica de Espa\u00f1a, consideramos <a class=\"mh-excerpt-more\" href=\"https:\/\/esmusica.org\/blog\/comunicado-es_musica-sobre-el-real-decreto-ley-1-2023-y-el-desarrollo-del-estatuto-del-artista\/\" title=\"COMUNICADO ES_M\u00daSICA SOBRE EL REAL DECRETO-LEY 1\/2023 Y  EL DESARROLLO DEL ESTATUTO DEL ARTISTA\">[&#8230;]<\/a><\/p>\n<\/div>","protected":false},"author":1,"featured_media":311,"comment_status":"open","ping_status":"open","sticky":false,"template":"","format":"standard","meta":{"footnotes":""},"categories":[1],"tags":[23,15,9,34,8,7,33,21,13,11,28,35],"class_list":["post-306","post","type-post","status-publish","format-standard","has-post-thumbnail","hentry","category-sin-categoria","tag-ayudas","tag-ayudas-sector-musica","tag-creatividad","tag-deducciones-fiscales","tag-economia","tag-economia-de-la-cultura","tag-estatuto-del-artista","tag-festivales","tag-industria-musical","tag-ministerio-cultura","tag-musica-en-vivo","tag-producciones-fonograficas"],"_links":{"self":[{"href":"https:\/\/esmusica.org\/blog\/wp-json\/wp\/v2\/posts\/306","targetHints":{"allow":["GET"]}}],"collection":[{"href":"https:\/\/esmusica.org\/blog\/wp-json\/wp\/v2\/posts"}],"about":[{"href":"https:\/\/esmusica.org\/blog\/wp-json\/wp\/v2\/types\/post"}],"author":[{"embeddable":true,"href":"https:\/\/esmusica.org\/blog\/wp-json\/wp\/v2\/users\/1"}],"replies":[{"embeddable":true,"href":"https:\/\/esmusica.org\/blog\/wp-json\/wp\/v2\/comments?post=306"}],"version-history":[{"count":3,"href":"https:\/\/esmusica.org\/blog\/wp-json\/wp\/v2\/posts\/306\/revisions"}],"predecessor-version":[{"id":312,"href":"https:\/\/esmusica.org\/blog\/wp-json\/wp\/v2\/posts\/306\/revisions\/312"}],"wp:featuredmedia":[{"embeddable":true,"href":"https:\/\/esmusica.org\/blog\/wp-json\/wp\/v2\/media\/311"}],"wp:attachment":[{"href":"https:\/\/esmusica.org\/blog\/wp-json\/wp\/v2\/media?parent=306"}],"wp:term":[{"taxonomy":"category","embeddable":true,"href":"https:\/\/esmusica.org\/blog\/wp-json\/wp\/v2\/categories?post=306"},{"taxonomy":"post_tag","embeddable":true,"href":"https:\/\/esmusica.org\/blog\/wp-json\/wp\/v2\/tags?post=306"}],"curies":[{"name":"wp","href":"https:\/\/api.w.org\/{rel}","templated":true}]}}