{"id":314,"date":"2023-03-07T12:14:53","date_gmt":"2023-03-07T12:14:53","guid":{"rendered":"https:\/\/esmusica.org\/blog\/?p=314"},"modified":"2023-03-14T10:00:41","modified_gmt":"2023-03-14T10:00:41","slug":"webinar-es_musica-ayudas-inaem-2023-lunes-13-de-marzo-12h00","status":"publish","type":"post","link":"https:\/\/esmusica.org\/blog\/webinar-es_musica-ayudas-inaem-2023-lunes-13-de-marzo-12h00\/","title":{"rendered":"WEBINAR ES_M\u00daSICA AYUDAS INAEM 2023 | LUNES, 13 DE MARZO-12h00"},"content":{"rendered":"<p>Con motivo de la convocatoria de ayudas de <strong>INAEM a la Danza, la L\u00edrica y la M\u00fasica correspondientes al a\u00f1o 2023<\/strong>, desde la <strong>Federaci\u00f3n de la M\u00fasica de Espa\u00f1a, Es_M\u00fasica<\/strong> queremos continuar ayudando a que el sector conozca el alcance y condiciones de estas subvenciones que ponen en marcha entidades, como en este caso el INAEM, con el objetivo de apoyar al sector de la M\u00fasica.<\/p>\n<p>Es por ello que, como ya ocurri\u00f3 en a\u00f1os anteriores, desde <strong>Es_M\u00fasica<\/strong> ponemos en marcha un <strong>WEBINAR<\/strong> para explicar todas las particularidades y requisitos de esta convocatoria creada bajo el procedimiento de concurrencia competitiva y con una dotaci\u00f3n presupuestaria total para este a\u00f1o en curso de 8.003.172 euros.<\/p>\n<p>A continuaci\u00f3n, te facilitamos todos los detalles:<\/p>\n<ul>\n<li><strong>\u00bfCu\u00e1ndo?:<\/strong> Lunes, 13 de marzo a las 12h00<\/li>\n<li><strong>\u00bfD\u00f3nde?:<\/strong> Mediante la plataforma online Zoom.<\/li>\n<li><strong>Webinar completo:<\/strong> accediendo al siguiente enlace, podr\u00e1s visualizar el <a href=\"https:\/\/www.youtube.com\/watch?v=cOntVvTHslk\">webinar grabado<\/a>.<\/li>\n<\/ul>\n<p>&nbsp;<\/p>\n<p>&nbsp;<\/p>\n","protected":false},"excerpt":{"rendered":"<div class=\"mh-excerpt\"><p>Con motivo de la convocatoria de ayudas de INAEM a la Danza, la L\u00edrica y la M\u00fasica correspondientes al a\u00f1o 2023, desde la Federaci\u00f3n de <a class=\"mh-excerpt-more\" href=\"https:\/\/esmusica.org\/blog\/webinar-es_musica-ayudas-inaem-2023-lunes-13-de-marzo-12h00\/\" title=\"WEBINAR ES_M\u00daSICA AYUDAS INAEM 2023 | LUNES, 13 DE MARZO-12h00\">[&#8230;]<\/a><\/p>\n<\/div>","protected":false},"author":1,"featured_media":315,"comment_status":"open","ping_status":"open","sticky":false,"template":"","format":"standard","meta":{"footnotes":""},"categories":[36],"tags":[23,15,4,7,12,22,13,11,28,24],"class_list":["post-314","post","type-post","status-publish","format-standard","has-post-thumbnail","hentry","category-subvenciones","tag-ayudas","tag-ayudas-sector-musica","tag-cultura","tag-economia-de-la-cultura","tag-esmusica","tag-inaem","tag-industria-musical","tag-ministerio-cultura","tag-musica-en-vivo","tag-subvenciones"],"_links":{"self":[{"href":"https:\/\/esmusica.org\/blog\/wp-json\/wp\/v2\/posts\/314","targetHints":{"allow":["GET"]}}],"collection":[{"href":"https:\/\/esmusica.org\/blog\/wp-json\/wp\/v2\/posts"}],"about":[{"href":"https:\/\/esmusica.org\/blog\/wp-json\/wp\/v2\/types\/post"}],"author":[{"embeddable":true,"href":"https:\/\/esmusica.org\/blog\/wp-json\/wp\/v2\/users\/1"}],"replies":[{"embeddable":true,"href":"https:\/\/esmusica.org\/blog\/wp-json\/wp\/v2\/comments?post=314"}],"version-history":[{"count":4,"href":"https:\/\/esmusica.org\/blog\/wp-json\/wp\/v2\/posts\/314\/revisions"}],"predecessor-version":[{"id":320,"href":"https:\/\/esmusica.org\/blog\/wp-json\/wp\/v2\/posts\/314\/revisions\/320"}],"wp:featuredmedia":[{"embeddable":true,"href":"https:\/\/esmusica.org\/blog\/wp-json\/wp\/v2\/media\/315"}],"wp:attachment":[{"href":"https:\/\/esmusica.org\/blog\/wp-json\/wp\/v2\/media?parent=314"}],"wp:term":[{"taxonomy":"category","embeddable":true,"href":"https:\/\/esmusica.org\/blog\/wp-json\/wp\/v2\/categories?post=314"},{"taxonomy":"post_tag","embeddable":true,"href":"https:\/\/esmusica.org\/blog\/wp-json\/wp\/v2\/tags?post=314"}],"curies":[{"name":"wp","href":"https:\/\/api.w.org\/{rel}","templated":true}]}}