{"id":33,"date":"2020-06-16T12:48:26","date_gmt":"2020-06-16T12:48:26","guid":{"rendered":"https:\/\/esmusica.org\/blog\/?p=33"},"modified":"2020-12-23T07:51:31","modified_gmt":"2020-12-23T07:51:31","slug":"es_musica-propone-al-gobierno-de-espana-y-al-ministerio-de-cultura-y-deporte-establecer-una-hoja-de-ruta-para-la-reconformacion-de-la-industria-de-la-musica","status":"publish","type":"post","link":"https:\/\/esmusica.org\/blog\/es_musica-propone-al-gobierno-de-espana-y-al-ministerio-de-cultura-y-deporte-establecer-una-hoja-de-ruta-para-la-reconformacion-de-la-industria-de-la-musica\/","title":{"rendered":"ES_M\u00daSICA propone al Gobierno de Espa\u00f1a y al Ministerio de Cultura y Deporte establecer una hoja de ruta para la reconformaci\u00f3n de la Industria de la M\u00fasica"},"content":{"rendered":"\r\n<p>Actualidad \/ 16 junio, 2020<br \/><strong>La Federaci\u00f3n de la M\u00fasica de Espa\u00f1a vuelve a reclamar al Ministerio de Cultura y Deportes la puesta en marcha de medidas espec\u00edficas para reactivar el sector de la m\u00fasica tras la finalizaci\u00f3n del estado de alarma.<\/strong><\/p>\r\n\r\n\r\n\r\n<p>La creaci\u00f3n de un Instituto de la M\u00fasica de Espa\u00f1a en el Ministerio de Cultura y Deporte y de una Comisi\u00f3n Interministerial para conformar una industria de la m\u00fasica estrat\u00e9gica fuerte se encuentran entre las iniciativas m\u00e1s relevantes de esta hoja de ruta.<\/p>\r\n\r\n\r\n\r\n<p><strong>ES_M\u00fasica representa, a trav\u00e9s de sus Asociaciones, a m\u00e1s de 111.000 socios de distinta naturaleza como autores, artistas, interpretes, ejecutantes, promotores, organizadores de festivales de m\u00fasica, managers, discogr\u00e1ficas, salas de conciertos y editoriales.<\/strong><\/p>\r\n\r\n\r\n\r\n<p>Madrid, 16 de junio de 2020.- Ante la finalizaci\u00f3n del estado de alarma y el comienzo de la nueva normalidad, la Federaci\u00f3n de la M\u00fasica de Espa\u00f1a, ES_M\u00daSICA , reclama un conjunto de medidas urgentes para reactivar al 100% la actividad del sector de la m\u00fasica y as\u00ed revitalizar el tejido cultural y art\u00edstico en todos los niveles. Desde ES_M\u00daSICA es clave, necesario e imperativo <strong>la colaboraci\u00f3n con el Gobierno de Espa\u00f1a y en concreto con el Ministerio de Cultura y Deporte para trabajar y posicionar al sector de la m\u00fasica a la altura de otras industrias culturales como ya ocurre en otros pa\u00edses de nuestro entorno.<\/strong><\/p>\r\n\r\n\r\n\r\n<p>Adem\u00e1s, estas medidas permitir\u00e1n impulsar y dar la energ\u00eda necesaria tanto a instituciones como al sector de la m\u00fasica para reconformar y convertir a la industria de la m\u00fasica en un sector estrat\u00e9gico. Para ello, ES_M\u00daSICA ha remitido al Ministerio de Cultura y Deporte un documento donde se recogen tanto las medidas urgentes para reactivar el sector como las iniciativas que deben componer una hoja de ruta para conseguir este objetivo.<\/p>\r\n\r\n\r\n\r\n<p><strong>Medidas urgentes pendientes de aplicaci\u00f3n<\/strong><\/p>\r\n\r\n\r\n\r\n<p>Las medidas remitidas est\u00e1n relacionadas con la ampliaci\u00f3n de los ERTE por el COVID-19 y de las coberturas a artistas, profesionales, aut\u00f3nomos y empresas del sector una vez que termine el estado de alarma y hasta que se recupere la actividad, adem\u00e1s de mantener las ayudas a los aut\u00f3nomos Societarios y la compaginaci\u00f3n de las ayudas y trabajo en contratos intermitentes.<\/p>\r\n\r\n\r\n\r\n<p>La creaci\u00f3n de un Fondo de Compensaci\u00f3n del Estado que cubra a las empresas del sector las p\u00e9rdidas ocasionadas por la crisis del COVID-19 y la aplicaci\u00f3n de incentivos fiscales como reducci\u00f3n del tipo impositivo en el Impuesto de Sociedades y el Impuesto sobre el Valor A\u00f1adido (IVA), aliviar\u00edan la industria de la m\u00fasica permitiendo a su vez la conversaci\u00f3n del empleo y del tejido empresarial.<\/p>\r\n\r\n\r\n\r\n<p>Tambi\u00e9n es de vital importancia ayudar a las salas de conciertos, como centro de identificaci\u00f3n de nuevo talento musical, con medidas de moratorias de los alquileres de los establecimientos, de los pagos de suministros (agua, luz y gas) y exenci\u00f3n del pago de tasas de recogida de basuras, impuestos, vados, terrazas.<\/p>\r\n\r\n\r\n\r\n<p><strong>Plan de Reconformaci\u00f3n del sector<\/strong><\/p>\r\n\r\n\r\n\r\n<p>La crisis del COVID-19 ha mostrado la necesidad de una elaborar un Plan de Recuperaci\u00f3n y de Reactivaci\u00f3n del sector de la m\u00fasica que permita establecer una hoja de ruta con objetivos claros para conseguir que este sector de gran relevancia para la cultura popular y artes de nuestro pa\u00eds se encuentre donde se merece y sea utilizada para potenciar nuestra marca pa\u00eds.<\/p>\r\n\r\n\r\n\r\n<p>Como iniciativas clave de esta hoja de ruta, ES_M\u00daSICA considera declarar la cultura como bien de primera necesidad y fortalecer la estructura institucional del sector de la m\u00fasica con la creaci\u00f3n del Instituto de la M\u00fasica dentro del Ministerio de Cultura y Deporte dada su transversalidad como disciplina art\u00edstica.<\/p>\r\n\r\n\r\n\r\n<p>ES_M\u00daSICA considera igual de relevante el desarrollo de pol\u00edticas p\u00fablicas y de un marco legal en temas fiscales y laborales del sector de la m\u00fasica. En este sentido, la Federaci\u00f3n de la M\u00fasica de Espa\u00f1a propone al Gobierno y al Ministerio de Cultura y Deporte crear una Comisi\u00f3n Interministerial del sector de la m\u00fasica para abordar estas particularidades y poner en marcha una Conferencia Sectorial entre el Ministerio de Cultura y Deporte, las Comunidades Aut\u00f3nomas y la FEMP para coordinaci\u00f3n de estas pol\u00edticas sobre el sector de la m\u00fasica.<\/p>\r\n\r\n\r\n\r\n<p>Para avanzar en el desarrollo de la industria, ES_M\u00daSICA propone impulsar un grupo de trabajo con el Ministerio de Cultura y Deporte para ejecutar el Plan Estrat\u00e9gico del sector de la m\u00fasica as\u00ed como actualizar el Real Decreto 2816\/1982, de 27 de agosto, por el que se aprueba el Reglamento General de Polic\u00eda de Espect\u00e1culos P\u00fablicos y Actividades Recreativas.<\/p>\r\n\r\n\r\n\r\n<p>Desde el principio de la crisis, la Federaci\u00f3n de la M\u00fasica de Espa\u00f1a ha ofrecido su comprensi\u00f3n, se ha ofrecido para colaborar y trabajar en conjunto con el Ministerio de Cultura y Deporte para salir de esta situaci\u00f3n y ahora es el momento de establecer v\u00edas de colaboraci\u00f3n para poder trabajar conjuntamente en esta hoja de ruta.<\/p>\r\n\r\n\r\n\r\n<p><strong>Sobre la Federaci\u00f3n de la M\u00fasica de Espa\u00f1a, ES_M\u00daSICA<\/strong><\/p>\r\n\r\n\r\n\r\n<p>La Federaci\u00f3n de la M\u00fasica de Espa\u00f1a est\u00e1 compuesta por nueve asociaciones de car\u00e1cter estatal que representan a la m\u00fasica en vivo, grabada, editores y entidades de gesti\u00f3n de derechos de autor. ACCESS (Asociaci\u00f3n Estatal de Salas de M\u00fasica en Directo), AEDEM (Asociaci\u00f3n de Editores de M\u00fasica Independientes), AIE (Sociedad de Artistas Int\u00e9rpretes o Ejecutantes de Espa\u00f1a), APM (Asociaci\u00f3n de Promotores Musicales), A.R.T.E. (Asociaci\u00f3n de Representantes T\u00e9cnicos del Espect\u00e1culo), OPEM (Organizaci\u00f3n Profesional de Editores de M\u00fasica), Promusicae (Productores de M\u00fasica de Espa\u00f1a), SGAE (Sociedad General de Autores y Editores), UFI (Uni\u00f3n Fonogr\u00e1fica Independiente).<\/p>\r\n\r\n\r\n\r\n<p>Para m\u00e1s informaci\u00f3n puedes escribirnos a\u00a0<a href=\"mailto:info@esmusica.org\">info@esmusica.org<\/a><\/p>\r\n","protected":false},"excerpt":{"rendered":"<div class=\"mh-excerpt\"><p>Actualidad \/ 16 junio, 2020La Federaci\u00f3n de la M\u00fasica de Espa\u00f1a vuelve a reclamar al Ministerio de Cultura y Deportes la puesta en marcha de <a class=\"mh-excerpt-more\" href=\"https:\/\/esmusica.org\/blog\/es_musica-propone-al-gobierno-de-espana-y-al-ministerio-de-cultura-y-deporte-establecer-una-hoja-de-ruta-para-la-reconformacion-de-la-industria-de-la-musica\/\" title=\"ES_M\u00daSICA propone al Gobierno de Espa\u00f1a y al Ministerio de Cultura y Deporte establecer una hoja de ruta para la reconformaci\u00f3n de la Industria de la M\u00fasica\">[&#8230;]<\/a><\/p>\n<\/div>","protected":false},"author":1,"featured_media":68,"comment_status":"open","ping_status":"open","sticky":false,"template":"","format":"standard","meta":{"footnotes":""},"categories":[1],"tags":[],"class_list":["post-33","post","type-post","status-publish","format-standard","has-post-thumbnail","hentry","category-sin-categoria"],"_links":{"self":[{"href":"https:\/\/esmusica.org\/blog\/wp-json\/wp\/v2\/posts\/33","targetHints":{"allow":["GET"]}}],"collection":[{"href":"https:\/\/esmusica.org\/blog\/wp-json\/wp\/v2\/posts"}],"about":[{"href":"https:\/\/esmusica.org\/blog\/wp-json\/wp\/v2\/types\/post"}],"author":[{"embeddable":true,"href":"https:\/\/esmusica.org\/blog\/wp-json\/wp\/v2\/users\/1"}],"replies":[{"embeddable":true,"href":"https:\/\/esmusica.org\/blog\/wp-json\/wp\/v2\/comments?post=33"}],"version-history":[{"count":2,"href":"https:\/\/esmusica.org\/blog\/wp-json\/wp\/v2\/posts\/33\/revisions"}],"predecessor-version":[{"id":70,"href":"https:\/\/esmusica.org\/blog\/wp-json\/wp\/v2\/posts\/33\/revisions\/70"}],"wp:featuredmedia":[{"embeddable":true,"href":"https:\/\/esmusica.org\/blog\/wp-json\/wp\/v2\/media\/68"}],"wp:attachment":[{"href":"https:\/\/esmusica.org\/blog\/wp-json\/wp\/v2\/media?parent=33"}],"wp:term":[{"taxonomy":"category","embeddable":true,"href":"https:\/\/esmusica.org\/blog\/wp-json\/wp\/v2\/categories?post=33"},{"taxonomy":"post_tag","embeddable":true,"href":"https:\/\/esmusica.org\/blog\/wp-json\/wp\/v2\/tags?post=33"}],"curies":[{"name":"wp","href":"https:\/\/api.w.org\/{rel}","templated":true}]}}