{"id":335,"date":"2023-07-18T16:33:12","date_gmt":"2023-07-18T16:33:12","guid":{"rendered":"https:\/\/esmusica.org\/blog\/?p=335"},"modified":"2023-07-18T16:33:46","modified_gmt":"2023-07-18T16:33:46","slug":"el-sector-de-la-musica-presenta-las-propuestas-clave-para-aprovechar-el-momento-historico-de-la-musica-en-espanol-en-la-proxima-legislatura-18-de-julio-%c2%b7-12h00-%c2%b7-wizink-center-madrid","status":"publish","type":"post","link":"https:\/\/esmusica.org\/blog\/el-sector-de-la-musica-presenta-las-propuestas-clave-para-aprovechar-el-momento-historico-de-la-musica-en-espanol-en-la-proxima-legislatura-18-de-julio-%c2%b7-12h00-%c2%b7-wizink-center-madrid\/","title":{"rendered":"EL SECTOR DE LA M\u00daSICA PRESENTA LAS PROPUESTAS CLAVE PARA APROVECHAR EL MOMENTO HIST\u00d3RICO DE LA M\u00daSICA EN ESPA\u00d1OL EN LA PR\u00d3XIMA LEGISLATURA | 18 DE JULIO \u00b7 12h00 \u00b7 WIZINK CENTER MADRID"},"content":{"rendered":"<ul>\n<li><strong>La Federaci\u00f3n de la M\u00fasica de Espa\u00f1a (Es_M\u00fasica) ha presentado en un acto celebrado hoy en el WiZink Center de Madrid con invitaci\u00f3n a los representantes de los partidos pol\u00edticos un plan para aprovechar las enormes oportunidades actuales que ofrece la m\u00fasica como sector estrat\u00e9gico.<\/strong><\/li>\n<\/ul>\n<p><strong>\u00a0<\/strong><\/p>\n<ul>\n<li><strong>Se trata de una serie de medidas clave que se ofrecen al pr\u00f3ximo gobierno tras el 23J para desarrollar todo el potencial de la m\u00fasica de nuestro pa\u00eds, aprovechando el momento hist\u00f3rico que vive la m\u00fasica en espa\u00f1ol a nivel mundial, as\u00ed como para explotar nuestra posici\u00f3n como primer destino de turismo musical.<\/strong><\/li>\n<\/ul>\n<p><strong>\u00a0<\/strong><\/p>\n<ul>\n<li><strong>Es_M\u00fasica es la entidad que act\u00faa como voz colectiva de m\u00e1s de 125.000 profesionales y empresas de la industria musical en nuestro pa\u00eds, sector estrat\u00e9gico con una extraordinaria capacidad de generaci\u00f3n de empleo y eficaz vector de la cultura y marca Espa\u00f1a.<\/strong><\/li>\n<\/ul>\n<p>&nbsp;<\/p>\n<p><strong><u>18 de julio de 2023<\/u><\/strong><strong> \u2022 <\/strong>\u00a0<strong>La Federaci\u00f3n de la M\u00fasica de Espa\u00f1a (Es_M\u00fasica),<\/strong> entidad que representa y promueve los intereses colectivos de m\u00e1s de 125.000 profesionales y empresas del sector de la m\u00fasica de Espa\u00f1a ha presentado hoy en el <strong>WiZink Center<\/strong> de Madrid las propuestas esenciales para que el pr\u00f3ximo gobierno que resulte de las elecciones del 23J aproveche la oportunidad hist\u00f3rica que actualmente se ofrece para la industria musical espa\u00f1ola, un sector que aporta de manera directa cerca del 1,5% del PIB nacional (sin contar el impacto indirecto en otros sectores).<\/p>\n<p>Se trata de una serie de propuestas que resultan de un estudio estrat\u00e9gico desarrollado por el propio sector, como parte de un plan que impulse a Espa\u00f1a dentro del <strong>momento de oro en el que se encuentra la m\u00fasica en espa\u00f1ol a nivel mundial<\/strong>, y que sirva tambi\u00e9n para explotar todas nuestras fortalezas como, por ejemplo, la calidad de nuestros artistas y profesionales, o la excepcional oferta de festivales y conciertos nacionales que nos ha llevado a ser el primer destino de turismo musical del mundo, tal como explicaba en la apertura del acto <strong><em>Manuel L\u00f3pez<\/em><\/strong>, responsable de la <em>oficina t\u00e9cnica de Es_M\u00fasica<\/em>.<\/p>\n<p>Han sido varios representantes de los distintos subsectores de la m\u00fasica (desde la m\u00fasica grabada y la m\u00fasica en vivo a las editoriales y sociedades de gesti\u00f3n de derechos) los que en sus intervenciones han reiterado la buena situaci\u00f3n que atraviesa esta industria, dejando tambi\u00e9n patente que es imprescindible contar con mayor apoyo institucional y que el gobierno considere a la m\u00fasica como un sector estrat\u00e9gico y apueste por aprovechar todo su potencial como ya se hace en otros pa\u00edses.<\/p>\n<p>Comenzaba tomando la palabra el <em>presidente de Es_M\u00fasica<\/em>, <strong><em>Joaqu\u00edn \u201cKin\u201d Mart\u00ednez<\/em><\/strong>, director de festivales como O Son do Cami\u00f1o\u00a0 o Festival \u00a0Portam\u00e9rica, y tambi\u00e9n manager de artistas como Xoel L\u00f3pez o Vetusta Morla, quien destacaba la \u201c<strong><em>disposici\u00f3n del todo el sector para trabajar en colaboraci\u00f3n p\u00fablico-privada por las mejoras<\/em><\/strong><em> de una industria tan esencial como la de la m\u00fasica en el futuro\u201d.<\/em><\/p>\n<p><em>\u201cHace poco se conoc\u00eda la noticia de un r\u00e9cord asombroso: el disco m\u00e1s escuchado de toda la historia de Spotify est\u00e1 cantado en espa\u00f1ol (\u201cUn verano sin ti\u201d de Bad Bunny). A principios de junio, la m\u00fasica en espa\u00f1ol viv\u00eda un momento hist\u00f3rico: las cinco canciones del top 50 mundial de spotify eran en nuestro idioma. Pero \u00bfalguno de esos temas ten\u00eda origen en Espa\u00f1a? No.\u201d<\/em> \u00a0Con este ejemplo Kin Mart\u00ednez ilustraba que la m\u00fasica en espa\u00f1ol est\u00e1 a un nivel jam\u00e1s visto antes. <em>\u201cNo es una moda, es un nuevo paradigma global. Pero Espa\u00f1a todav\u00eda no est\u00e1 en la cabeza del pelot\u00f3n, no ha entrado a\u00fan en el club de pa\u00edses iberoamericanos que <\/em><em>est\u00e1n liderando la revoluci\u00f3n de la m\u00fasica latina a nivel mundial como M\u00e9xico, Colombia, Puerto Rico y Argentina\u201d,<\/em> seg\u00fan ha concluido Mart\u00ednez.<\/p>\n<p>Como medida principal se propone la creaci\u00f3n de una <strong>Direcci\u00f3n General de M\u00fasica, <\/strong>para que este sector disponga por fin de una persona dentro del gobierno que conozca la realidad de la industria musical espa\u00f1ola en su conjunto, y cuya figura sea responsable de planificar y ejecutar las pol\u00edticas necesarias que, en colaboraci\u00f3n p\u00fablico-privada, nos sit\u00faen de una vez dentro de las potencias musicales a nivel mundial. Se trata de una medida con un coste insignificante y muy sencilla de implementar dentro de la reestructuraci\u00f3n interna de los organigramas ministeriales en el inicio de un nuevo gobierno (equiparando de esta manera a la m\u00fasica con otros sectores culturales como el libro, el sector audiovisual, el del teatro o la danza, que s\u00ed cuentan con direcciones generales o institutos espec\u00edficos).<\/p>\n<p>Tal y como ha argumentado Mart\u00ednez en el acto, \u201c<em>es as\u00ed como se ayudar\u00e1 a conseguir avanzar con muchas de las medidas necesarias para asistir a una verdadera <strong>transformaci\u00f3n y modernizaci\u00f3n del sector cultural en nuestro pa\u00eds<\/strong>\u201d<\/em>, aprovechando acto seguido para exponer el resto de <strong>propuestas formuladas desde el sector de la m\u00fasica al pr\u00f3ximo gobierno<\/strong>:<\/p>\n<ul>\n<li>Creaci\u00f3n de un <strong>Observatorio de la M\u00fasica<\/strong> para disponer de todas las cifras e informaci\u00f3n clave sobre el sector musical, con una perspectiva global que nos permita conocer de una vez la influencia real de la m\u00fasica en el sector tur\u00edstico, hosteler\u00eda y en el ocio nocturno; estudios sobre sostenibilidad e impacto medioambiental; y otros informes de diversas cuestiones como, por ejemplo, la situaci\u00f3n de felicidad profesional y salud mental en creadores y profesionales de la m\u00fasica.<\/li>\n<li>Implementaci\u00f3n de <strong>Incentivos fiscales<\/strong> para la producci\u00f3n fonogr\u00e1fica (tomando como ejemplo los modelos probados de Francia e Italia) y revisi\u00f3n y mejoras de los l\u00edmites de las deducciones fiscales previstas para la m\u00fasica en vivo con la finalidad de reducir la enorme diferencia respecto a los incentivos para el sector audiovisual (cuyos l\u00edmites son 20 veces m\u00e1s altos que en el caso de m\u00fasica en vivo).<\/li>\n<li>Tambi\u00e9n medidas relacionadas con la <strong>Capacitaci\u00f3n profesional y capital humano, <\/strong>abarcando desde la formaci\u00f3n hasta la promoci\u00f3n de la igualdad, diversidad e inclusi\u00f3n, as\u00ed como el <strong>Desarrollo del talento creativo<\/strong>.<\/li>\n<li><strong>Internacionalizaci\u00f3n de la m\u00fasica espa\u00f1ola, <\/strong>mediante la promoci\u00f3n y difusi\u00f3n de la m\u00fasica espa\u00f1ola en el mercado global, as\u00ed como la dinamizaci\u00f3n de oportunidades de negocio y colaboraci\u00f3n para las empresas del sector.<\/li>\n<\/ul>\n<p>El evento ha contado con la intervenci\u00f3n de algunos de los <strong>principales representantes del sector musical,<\/strong> quienes han realizado una clara radiograf\u00eda de cada uno de los subsectores que integran el amplio espectro de la m\u00fasica. De este modo, <strong><em>Albert Salmer\u00f3n<\/em><\/strong>, presidente de APM y representante de la <em>m\u00fasica en vivo<\/em>, ha destacado el papel de la industria del directo, arrojando algunas cifras reveladoras: \u201c<em>Tras la ca\u00edda dram\u00e1tica de la facturaci\u00f3n en 2020 y 2021 a causa de las restricciones derivadas de la pandemia, durante el pasado a\u00f1o la vuelta a la normalidad en la actividad supuso un crecimiento fulgurante del 191% respecto al ejercicio anterior y de un 20% respecto al 2019, el \u00faltimo ejercicio prepandemia, con una cifra r\u00e9cord en la facturaci\u00f3n por venta de entradas de 460 millones de euros. Asimismo, alrededor de 50.000 artistas actuaron en las salas, adem\u00e1s de las decenas de miles de conciertos celebrados en las fiestas de los m\u00e1s de 8.000 municipios de nuestro pa\u00eds, y de los cerca de 1.000 festivales de tipolog\u00edas muy diversas que se organizan en toda Espa\u00f1a\u201d<\/em>. Con estos datos aportados y reconociendo que nos encontramos en un momento clave, Salmer\u00f3n ha declarado que <em>\u201ces necesario trabajar conjuntamente con la administraci\u00f3n p\u00fablica para proteger las salas como espacios culturales, as\u00ed como para conseguir una regulaci\u00f3n laboral y fiscal que favorezca el desarrollo de la actividad\u201d.<\/em><\/p>\n<p>Por su parte, <strong><em>Antonio Guisasola<\/em><\/strong>, presidente de PROMUSICAE y representante en el \u00e1mbito de la <em>m\u00fasica grabada<\/em>, ha hecho hincapi\u00e9 en que \u00e9sta <em>\u201cgoza de un momento de crecimiento sostenido en los cuatro \u00faltimos a\u00f1os, con un 12,43% de crecimiento en 2022 que ha supuesto ingresos para la industria discogr\u00e1fica de 462 millones de euros, pero lejos a\u00fan de las cifras de inicio de los dos mil. Vivimos un momento de explosi\u00f3n de la m\u00fasica en espa\u00f1ol en todo el mundo que debemos aprovechar ya que, de los 2.000 millones de d\u00f3lares que supone el mercado de m\u00fasica latina en el mundo la m\u00fasica espa\u00f1ola, apenas supone un 2% y, para ello, adem\u00e1s del trabajo del sector privado, necesitamos del apoyo de los poderes p\u00fablicos a trav\u00e9s de ayudas y un sistema de deducciones fiscales justo para la m\u00fasica grabada espa\u00f1ola\u201d,<\/em> seg\u00fan ha concluido Guisasola.<\/p>\n<p>El turno en representaci\u00f3n de las <em>entidades de gesti\u00f3n<\/em> corr\u00eda a cargo de <strong><em>Montserrat Pratdesaba Ribas,<\/em><\/strong> miembro del Consejo de AIE y artista de reconocido prestigio, quien ha puesto de relieve <em>\u201cel importante impulso otorgado al Estatuto del Artista y la necesidad de que el gobierno saliente cierre aquellos aspectos que han quedado ya dibujados en el marco de trabajo actual\u201d<\/em>. Asimismo, de cara al futuro, ha reforzado tambi\u00e9n la idea de que la <em>\u201cOficina de Propiedad Intelectual sea una realidad con una dotaci\u00f3n de recursos acorde a la importancia estrat\u00e9gica de la m\u00fasica y la creaci\u00f3n espa\u00f1ola\u201d.<\/em><\/p>\n<p>Mientras que <strong><em>Josep G\u00f3mez<\/em><\/strong>, quien forma parte de la Junta Directiva de AEDEM y como representante del \u00e1mbito de las <em>editoriales musicales<\/em>, ha hecho hincapi\u00e9 durante su intervenci\u00f3n en temas clave como la <em>\u201cimportancia de la promoci\u00f3n y fomento del talento creativo, la defensa de la Propiedad Intelectual y la puesta en valor del patrimonio musical de Espa\u00f1a en el que no debemos obviar a sus autores y repertorios\u201d.<\/em><\/p>\n<p>La <strong>Federaci\u00f3n de la M\u00fasica de Espa\u00f1a<\/strong> ha dejado patente as\u00ed su deseo, al margen del resultado de las pr\u00f3ximas elecciones, de continuar trabajando con las diferentes administraciones p\u00fablicas y con el conjunto de instituciones y empresas del sector por las mejoras del futuro de la cultura de nuestro pa\u00eds a trav\u00e9s de la m\u00fasica.<\/p>\n<p>&nbsp;<\/p>\n<p><strong><em>Sobre la Federaci\u00f3n de la M\u00fasica de Espa\u00f1a (Es_M\u00fasica)<\/em><\/strong><\/p>\n<p>La Federaci\u00f3n de la M\u00fasica de Espa\u00f1a (Es_M\u00fasica) es la entidad que representa y promueve los intereses colectivos del sector de la m\u00fasica de Espa\u00f1a, desde la m\u00fasica grabada y la m\u00fasica en vivo a las editoriales y sociedades de gesti\u00f3n de derechos.<\/p>\n<p>Constituida por las entidades sectoriales m\u00e1s representativas de la m\u00fasica espa\u00f1ola, act\u00faa como voz colectiva de m\u00e1s de 125.000 profesionales y empresas del sector, como autores e int\u00e9rpretes musicales, promotores de conciertos, festivales, representantes art\u00edsticos, salas de conciertos, productores fonogr\u00e1ficos, editoriales musicales, y otras categor\u00edas profesionales y empresariales relacionadas con la m\u00fasica.<\/p>\n<p>Es_M\u00fasica trabaja con las diferentes administraciones p\u00fablicas y con el conjunto de instituciones y empresas del sector con el objetivo de actualizar un gran marco de pol\u00edtica fiscal, de empleo, de formaci\u00f3n y educaci\u00f3n que atienda de manera eficaz las particularidades de este sector creativo. Un sector estrat\u00e9gico de primer orden que se apoya en el talento y la propiedad intelectual y que ejerce una gran influencia socio-econ\u00f3mica que revierte en una importante generaci\u00f3n de riqueza, nuevas profesiones y empleo, proyectando nuestra cultura a nivel nacional e internacional.<\/p>\n<p>La Federaci\u00f3n de la M\u00fasica de Espa\u00f1a est\u00e1 compuesta por las siguientes entidades:<\/p>\n<ul>\n<li><strong>ACCES <\/strong>(Asociaci\u00f3n Cultural Coordinadora Estatal de Salas de M\u00fasica).<\/li>\n<li><strong>AEDEM <\/strong>(Asociaci\u00f3n Espa\u00f1ola de Editores de M\u00fasica).<\/li>\n<li><strong>AIE <\/strong>(Asociaci\u00f3n de Artistas Int\u00e9rpretes o Ejecutantes de la M\u00fasica).<\/li>\n<li><strong>APM <\/strong>(Asociaci\u00f3n de Promotores Musicales).<\/li>\n<li><strong>R.T.E. <\/strong>(Asociaci\u00f3n de Representantes T\u00e9cnicos del Espect\u00e1culo).<\/li>\n<li><strong>PROMUSICAE <\/strong>(Productores de M\u00fasica de Espa\u00f1a).<\/li>\n<li><strong>SGAE <\/strong>(Sociedad General de Autores y Editores).<\/li>\n<li><strong>UFI <\/strong>(Uni\u00f3n Fonogr\u00e1fica Independiente).<\/li>\n<li><strong>ACOPLE <\/strong>(Asociaci\u00f3n Espa\u00f1ola de Agencias y Profesionales del Espect\u00e1culo).<\/li>\n<li><strong>APPORTE <\/strong>(Asociaci\u00f3n de Profesionales de la producci\u00f3n, organizaci\u00f3n y realizaci\u00f3n t\u00e9cnica del espect\u00e1culo en vivo).<\/li>\n<li><strong>MADRID EN VIVO <\/strong>(Asociaci\u00f3n de Salas de Espect\u00e1culos de la Comunidad de Madrid).<\/li>\n<li><strong>FMA <\/strong>(Asociaci\u00f3n de Festivales de M\u00fasica).<\/li>\n<li><strong>ARC <\/strong>(Associaci\u00f3 Professional de Representants, Promotors i M\u00e0nagers de Catalunya).<\/li>\n<li><strong>APECAT <\/strong>(Asociaci\u00f3n de Productores-Editores Fonogr\u00e1ficos y Videogr\u00e1ficos Catalanes).<\/li>\n<li><strong>\u00c1REA <\/strong>(Asociaci\u00f3n de Representantes de Espect\u00e1culos de Andaluc\u00eda).<\/li>\n<li><strong>ANAIM <\/strong>(Asociaci\u00f3n Navarra de la Industria Musical).<\/li>\n<li><strong>FEVIM <\/strong>(Federaci\u00f3n Valenciana de la Industria Musical).<\/li>\n<\/ul>\n","protected":false},"excerpt":{"rendered":"<div class=\"mh-excerpt\"><p>La Federaci\u00f3n de la M\u00fasica de Espa\u00f1a (Es_M\u00fasica) ha presentado en un acto celebrado hoy en el WiZink Center de Madrid con invitaci\u00f3n a los <a class=\"mh-excerpt-more\" href=\"https:\/\/esmusica.org\/blog\/el-sector-de-la-musica-presenta-las-propuestas-clave-para-aprovechar-el-momento-historico-de-la-musica-en-espanol-en-la-proxima-legislatura-18-de-julio-%c2%b7-12h00-%c2%b7-wizink-center-madrid\/\" title=\"EL SECTOR DE LA M\u00daSICA PRESENTA LAS PROPUESTAS CLAVE PARA APROVECHAR EL MOMENTO HIST\u00d3RICO DE LA M\u00daSICA EN ESPA\u00d1OL EN LA PR\u00d3XIMA LEGISLATURA | 18 DE JULIO \u00b7 12h00 \u00b7 WIZINK CENTER MADRID\">[&#8230;]<\/a><\/p>\n<\/div>","protected":false},"author":1,"featured_media":336,"comment_status":"open","ping_status":"open","sticky":false,"template":"","format":"standard","meta":{"footnotes":""},"categories":[1],"tags":[23,15,4,8,7,12,22,13,11,26,28,14,24],"class_list":["post-335","post","type-post","status-publish","format-standard","has-post-thumbnail","hentry","category-sin-categoria","tag-ayudas","tag-ayudas-sector-musica","tag-cultura","tag-economia","tag-economia-de-la-cultura","tag-esmusica","tag-inaem","tag-industria-musical","tag-ministerio-cultura","tag-musica","tag-musica-en-vivo","tag-sector-musical","tag-subvenciones"],"_links":{"self":[{"href":"https:\/\/esmusica.org\/blog\/wp-json\/wp\/v2\/posts\/335","targetHints":{"allow":["GET"]}}],"collection":[{"href":"https:\/\/esmusica.org\/blog\/wp-json\/wp\/v2\/posts"}],"about":[{"href":"https:\/\/esmusica.org\/blog\/wp-json\/wp\/v2\/types\/post"}],"author":[{"embeddable":true,"href":"https:\/\/esmusica.org\/blog\/wp-json\/wp\/v2\/users\/1"}],"replies":[{"embeddable":true,"href":"https:\/\/esmusica.org\/blog\/wp-json\/wp\/v2\/comments?post=335"}],"version-history":[{"count":2,"href":"https:\/\/esmusica.org\/blog\/wp-json\/wp\/v2\/posts\/335\/revisions"}],"predecessor-version":[{"id":338,"href":"https:\/\/esmusica.org\/blog\/wp-json\/wp\/v2\/posts\/335\/revisions\/338"}],"wp:featuredmedia":[{"embeddable":true,"href":"https:\/\/esmusica.org\/blog\/wp-json\/wp\/v2\/media\/336"}],"wp:attachment":[{"href":"https:\/\/esmusica.org\/blog\/wp-json\/wp\/v2\/media?parent=335"}],"wp:term":[{"taxonomy":"category","embeddable":true,"href":"https:\/\/esmusica.org\/blog\/wp-json\/wp\/v2\/categories?post=335"},{"taxonomy":"post_tag","embeddable":true,"href":"https:\/\/esmusica.org\/blog\/wp-json\/wp\/v2\/tags?post=335"}],"curies":[{"name":"wp","href":"https:\/\/api.w.org\/{rel}","templated":true}]}}