{"id":344,"date":"2024-07-23T13:43:51","date_gmt":"2024-07-23T13:43:51","guid":{"rendered":"https:\/\/esmusica.org\/blog\/?p=344"},"modified":"2024-07-23T13:43:51","modified_gmt":"2024-07-23T13:43:51","slug":"es_musica-se-suma-a-la-peticion-de-reapertura-de-la-sala-repvblicca","status":"publish","type":"post","link":"https:\/\/esmusica.org\/blog\/es_musica-se-suma-a-la-peticion-de-reapertura-de-la-sala-repvblicca\/","title":{"rendered":"ES_M\u00daSICA SE SUMA A LA PETICI\u00d3N DE REAPERTURA DE LA SALA REPVBLICCA"},"content":{"rendered":"<p style=\"text-align: center;\"><b>\u00a1Necesitamos la Sala Repvblicca abierta!<\/b><\/p>\n<ul>\n<li aria-level=\"1\">El sector de la m\u00fasica en directo se une en apoyo del recinto y clama por la reapertura del local, tras seis meses de cierre<\/li>\n<li aria-level=\"1\">Los colectivos profesionales m\u00e1s relevantes de Espa\u00f1a y artistas que han pasado por la sala (Izal, Manu Chao, Jos\u00e9 Manuel Casa\u00f1,\u00a0 Benito Kamelas, etc.) salen en defensa de la sala como lugar imprescindible en el circuito musical<\/li>\n<\/ul>\n<p><b>Val\u00e8ncia (23 de julio de 2024).- <\/b>Este mediod\u00eda ha tenido lugar en la sede de la SGAE de Val\u00e8ncia una rueda de prensa en apoyo de la Sala Repvblicca que lleva seis meses precintada, tras la decisi\u00f3n del ayuntamiento de Mislata, sin posibilidad de reanudar su actividad profesional.<\/p>\n<p>Se trata de un cierre que est\u00e1 impidiendo que la sala contin\u00fae desarrollando su actividad cultural y econ\u00f3mica, provocando la p\u00e9rdida de ingresos e impidiendo hacer frente a los gastos de personal, de contrataci\u00f3n art\u00edstica, de mantenimiento del local, etc; y empujando d\u00eda tras d\u00eda a una situaci\u00f3n de quiebra.<\/p>\n<p>A medida que pasa el tiempo, se hace m\u00e1s dif\u00edcil la supervivencia de este local que no es solo un negocio. En sus m\u00e1s de 20 a\u00f1os de trayectoria, por la Sala Repvblicca han pasado miles de artistas y cientos de miles de personas, contribuyendo de forma decisiva a enriquecer la cultura musical del circuito valenciano y espa\u00f1ol. M\u00fasicos de la talla de <b>Leiva<\/b>, <b>Mala Rodr\u00edguez<\/b>, <b>Viva Suecia<\/b>, <b>Lola \u00cdndigo<\/b>, <b>Izal<\/b>, <b>Carolina Durante<\/b>, <b>Loquillo<\/b>, <b>Ginebras<\/b>, <b>Sidecars<\/b>, <b>Mar\u00eda<\/b> <b>Becerra<\/b>, <b>Morgan<\/b>, <b>Los<\/b> <b>Zigarros<\/b>, <b>La<\/b> <b>M.O.D.A.<\/b>; o formaciones internacionales tales como <b>The Waterboys<\/b>, <b>Manu Chao<\/b>, <b>Natalia Lafourcade<\/b>, <b>Echo and the Bunnymen<\/b>, <b>Sisters of Mercy<\/b>, <b>The Mission<\/b>, etc, han pasado por la sala sin que se produjera jam\u00e1s un solo incidente.<\/p>\n<p>Por ello, colectivos profesionales y artistas del \u00e1mbito espa\u00f1ol se han unido para clamar contra esta decisi\u00f3n del ayuntamiento de Mislata que tanto da\u00f1o est\u00e1 ocasionando a la sala y a su p\u00fablico. Al acto han asistido un importante n\u00famero de representantes de la industria musical.<\/p>\n<p>\u201cDesde la Federaci\u00f3n de la m\u00fasica de Espa\u00f1a reclamamos que se atienda el expediente y la sala pueda regresar a su actividad con normalidad,\u201d ha afirmado <b>Soco Collado<\/b>, presidenta de Es_M\u00fasica. \u201cNo resulta comprensible que una empresa de tanta trayectoria y con tantas actividades, locales y recintos gestionados de forma impecablemente profesional desde hace m\u00e1s de 30 a\u00f1os, vea su expediente bloqueado por problemas burocr\u00e1ticos\u00bb, ha subrayado.<\/p>\n<p>Por su parte, el presidente de la asociaci\u00f3n estatal de promotores (APM), <b>Albert Salmeron<\/b>, ha manifestado que \u201cla sociedad necesita que esa sala est\u00e9 abierta y en unas condiciones viables de aforo, en base a la capacidad que presenta la sala. El reconocimiento de las salas de conciertos como lugares culturales deber\u00eda bastar para preocuparse por devolver la actividad a este emblem\u00e1tico recinto que ha contado con artistas de primera l\u00ednea musical y que cumple con la normativa,\u201d ha sentenciado Salmer\u00f3n.<\/p>\n<p>Por su parte, las asociaciones valencianas de management VAM (Valencian Music Association), MusicaProCV (Asociaci\u00f3n de Promotores de la CV), En Viu (Asociaci\u00f3n de Salas), Promfest (Asociaci\u00f3n de festivales de la CV) tambi\u00e9n han ofrecido su apoyo desde el primer momento a trav\u00e9s de la Federaci\u00f3 Valenciana de la Industria Musical (Fevim). En total son cientos de empresas musicales y artistas en Espa\u00f1a quienes piden una soluci\u00f3n a un problema administrativo y de falta de consideraci\u00f3n.<\/p>\n<p><b>Demoras injustificadas y continuas modificaciones en los requerimientos<\/b><\/p>\n<p>Tras el cierre preventivo, Repvblicca recibi\u00f3 varios requerimientos de documentaci\u00f3n que fueron satisfechos por la sala hace m\u00e1s de dos meses, y todav\u00eda no ha habido contestaci\u00f3n por parte del Ayuntamiento de Mislata, pese a tener el compromiso de que tratar\u00edan de resolverlo cuanto antes para reabrir el local. Con estas demoras, el Ayuntamiento hace omisi\u00f3n de su deber de atender y resolver una situaci\u00f3n que est\u00e1 impidiendo la participaci\u00f3n de la ciudadan\u00eda en la vida cultural, y perjudicando gravemente a numerosas personas y empresas del sector. Son cerca de 90 los eventos musicales que han sido cancelados en estos meses.<\/p>\n<p>Por otro lado, cabe destacar que, durante el proceso, la decisi\u00f3n de precintar la Sala Repvblicca no cont\u00f3 con el debido tr\u00e1mite de audiencia, pues la medida de cierre fue dictada de forma directa sin ofrecer la opci\u00f3n de presentar alegaciones, a pesar de quedar demostrado que, en el momento de su cierre no concurr\u00eda ninguna situaci\u00f3n de riesgo grave o inmediato. De todo ello dio cuenta el informe de la Generalitat, organismo que no refrend\u00f3 la orden de cierre, mecanismo necesario para su ejecuci\u00f3n. Por lo tanto, la orden de clausura de Repvblicca carece de apoyo jur\u00eddico consistente.<\/p>\n<p>Como ya se ha dicho en otras ocasiones, la ordenanza municipal que limita el aforo de la sala a 429 personas carece de sentido. Por sus condiciones t\u00e9cnicas, constructivas y de seguridad, Repvblicca puede admitir un aforo casi cuatro veces superior al fijado arbitrariamente por la normativa municipal. Como sala de conciertos est\u00e1 reconocida por la ley de espect\u00e1culos 14\/2010 actualizada en 2022. El cambio de ordenanza municipal que limita el aforo a 429 no deber\u00eda suponer ning\u00fan problema si realmente hay voluntad de hacerlo, pues el recinto posee todos los requerimientos legales necesarios.<\/p>\n<p><b>Da\u00f1o a la cultura<\/b><\/p>\n<p>En definitiva, la ejecuci\u00f3n del acto est\u00e1 ocasionando un grave da\u00f1o a la cultura y m\u00fasica en Val\u00e8ncia y al circuito de salas espa\u00f1ol. Debemos recordar que la cultura es un derecho de los ciudadanos y su promoci\u00f3n es una obligaci\u00f3n a los poderes p\u00fablicos de acuerdo con el art\u00edculo 44.1 de la Constituci\u00f3n Espa\u00f1ola (\u201cLos poderes p\u00fablicos promover\u00e1n y tutelar\u00e1n el acceso a la cultura, a la que todos tienen derecho\u201d). Su cierre injustificadamente prolongado un atropello y un obst\u00e1culo administrativo que deber\u00eda ser subsanado y adaptarse a la normativa vigente en aforos para salas de conciertos y recintos culturales.<\/p>\n<p style=\"text-align: center;\"><b>\u00a1NECESITAMOS LA SALA REPVBLICCA ABIERTA!<\/b><\/p>\n<p>Listado de asociaciones y organismos profesionales que solicitan la reapertura de la sala:<\/p>\n<p><b>ES_<em>M\u00daSICA<\/em> (Federaci\u00f3n de la M\u00fasica de Espa\u00f1a)<\/b><\/p>\n<p><b>ACCES (Asociaci\u00f3n Estatal de Salas de M\u00fasica en Directo)<\/b><\/p>\n<p><b>ACOPLE (Asociaci\u00f3n Espa\u00f1ola de Agencias y Profesionales del Espect\u00e1culo)<\/b><\/p>\n<p><b>AEDEM (Asociaci\u00f3n Espa\u00f1ola de Editores de M\u00fasica)<\/b><\/p>\n<p><b>AIE (Sociedad de Artistas Int\u00e9rpretes o Ejecutantes de Espa\u00f1a)<\/b><\/p>\n<p><b>APPORTE (Asociaci\u00f3n de Profesionales de la Producci\u00f3n y Realizaci\u00f3n T\u00e9cnica del Espect\u00e1culo en Vivo)<\/b><\/p>\n<p><b>APM (Asociaci\u00f3n de Promotores Musicales)<\/b><\/p>\n<p><b>ARTE (Asociaci\u00f3n de Representantes T\u00e9cnicos del Espect\u00e1culo)<\/b><\/p>\n<p><b>PROMUSICAE (Productores de M\u00fasica de Espa\u00f1a)<\/b><\/p>\n<p><b>SGAE (Sociedad General de Autores y Editores)<\/b><\/p>\n<p><b>UFI (Uni\u00f3n Fonogr\u00e1fica Independiente)<\/b><\/p>\n<p><b>APECAT (Assoc. de Productors Editors Fonogr\u00e0fics i Videogr\u00e0fics Catalans)<\/b><\/p>\n<p><b>ARC (Associaci\u00f3 Professional de Representants, Promotors i M\u00e0nagers de Catalunya)<\/b><\/p>\n<p><b>AREA (Asociaci\u00f3n de Representantes de Espect\u00e1culos de Andaluc\u00eda)<\/b><\/p>\n<p><b>MADRID EN VIVO (Asociaci\u00f3n de Salas de Conciertos y Espect\u00e1culos de Madrid)<\/b><\/p>\n<p><b>OPEM (Organizaci\u00f3n Profesional de Editores de M\u00fasica)<\/b><\/p>\n<p><em><b>COMUNITAT VALENCIANA<\/b><\/em><\/p>\n<p><b>FEVIM (Federaci\u00f3 Valenciana de la Ind\u00fastria Musical)<\/b><\/p>\n<p><b>EN VIU (Asociaci\u00f3n de salas privadas de la Comunitat Valenciana)<\/b><\/p>\n<p><b>VAM (Valencian Music Association)<\/b><\/p>\n<p><b>MUSICAPROCV (Asociaci\u00f3n de Promotores Musicales de la Comunitat Valenciana)<\/b><\/p>\n<p><b>PROMFEST (Asociaci\u00f3n de promotores de festivales de la Comunitat Valenciana)<\/b><\/p>\n","protected":false},"excerpt":{"rendered":"<div class=\"mh-excerpt\"><p>\u00a1Necesitamos la Sala Repvblicca abierta! El sector de la m\u00fasica en directo se une en apoyo del recinto y clama por la reapertura del local, <a class=\"mh-excerpt-more\" href=\"https:\/\/esmusica.org\/blog\/es_musica-se-suma-a-la-peticion-de-reapertura-de-la-sala-repvblicca\/\" title=\"ES_M\u00daSICA SE SUMA A LA PETICI\u00d3N DE REAPERTURA DE LA SALA REPVBLICCA\">[&#8230;]<\/a><\/p>\n<\/div>","protected":false},"author":1,"featured_media":345,"comment_status":"open","ping_status":"open","sticky":false,"template":"","format":"standard","meta":{"footnotes":""},"categories":[37],"tags":[],"class_list":["post-344","post","type-post","status-publish","format-standard","has-post-thumbnail","hentry","category-musica-en-vivo"],"_links":{"self":[{"href":"https:\/\/esmusica.org\/blog\/wp-json\/wp\/v2\/posts\/344","targetHints":{"allow":["GET"]}}],"collection":[{"href":"https:\/\/esmusica.org\/blog\/wp-json\/wp\/v2\/posts"}],"about":[{"href":"https:\/\/esmusica.org\/blog\/wp-json\/wp\/v2\/types\/post"}],"author":[{"embeddable":true,"href":"https:\/\/esmusica.org\/blog\/wp-json\/wp\/v2\/users\/1"}],"replies":[{"embeddable":true,"href":"https:\/\/esmusica.org\/blog\/wp-json\/wp\/v2\/comments?post=344"}],"version-history":[{"count":2,"href":"https:\/\/esmusica.org\/blog\/wp-json\/wp\/v2\/posts\/344\/revisions"}],"predecessor-version":[{"id":347,"href":"https:\/\/esmusica.org\/blog\/wp-json\/wp\/v2\/posts\/344\/revisions\/347"}],"wp:featuredmedia":[{"embeddable":true,"href":"https:\/\/esmusica.org\/blog\/wp-json\/wp\/v2\/media\/345"}],"wp:attachment":[{"href":"https:\/\/esmusica.org\/blog\/wp-json\/wp\/v2\/media?parent=344"}],"wp:term":[{"taxonomy":"category","embeddable":true,"href":"https:\/\/esmusica.org\/blog\/wp-json\/wp\/v2\/categories?post=344"},{"taxonomy":"post_tag","embeddable":true,"href":"https:\/\/esmusica.org\/blog\/wp-json\/wp\/v2\/tags?post=344"}],"curies":[{"name":"wp","href":"https:\/\/api.w.org\/{rel}","templated":true}]}}