{"id":43,"date":"2020-11-24T12:21:51","date_gmt":"2020-11-24T12:21:51","guid":{"rendered":"https:\/\/esmusica.org\/blog\/?p=43"},"modified":"2020-12-23T07:42:05","modified_gmt":"2020-12-23T07:42:05","slug":"es_musica-presenta-15-medidas-esenciales-y-urgentes-para-la-reactivacion-de-la-industria-musical","status":"publish","type":"post","link":"https:\/\/esmusica.org\/blog\/es_musica-presenta-15-medidas-esenciales-y-urgentes-para-la-reactivacion-de-la-industria-musical\/","title":{"rendered":"ES_M\u00fasica PRESENTA 15 MEDIDAS ESENCIALES Y URGENTES PARA LA REACTIVACI\u00d3N DE LA INDUSTRIA MUSICAL"},"content":{"rendered":"\r\n<p class=\"has-text-align-center\" style=\"text-align: center;\"><strong>QUE NO PARE LA M\u00daSICA<\/strong><br \/><strong>La Federaci\u00f3n de la M\u00fasica en Espa\u00f1a ES_M\u00fasica presenta las<br \/>15 MEDIDAS ESENCIALES Y URGENTES PARA<br \/>LA REACTIVACI\u00d3N DE LA INDUSTRIA MUSICAL<\/strong><\/p>\r\n\r\n\r\n\r\n<p>Es_M\u00fasica (Federaci\u00f3n de la M\u00fasica de Espa\u00f1a) presentaba esta ma\u00f1ana en una rueda de prensa online y minutos m\u00e1s tarde en un webinar para el p\u00fablico general, un plan dise\u00f1ado como soluci\u00f3n tanto para las urgencias a corto plazo de los trabajadores, profesionales y empresas de la m\u00fasica como para el desarrollo a largo plazo de una Industria Musical en Espa\u00f1a fortalecida y m\u00e1s competitiva.<\/p>\r\n\r\n\r\n\r\n<p>Este plan en el que se da voz de manera transversal los subsectores de la Industria de la M\u00fasica y cuyo principal fin es su urgente reactivaci\u00f3n, est\u00e1 formado por 15 medidas dirigidas a toda la cadena de valor que forma la Industria de la M\u00fasica y que Joaqu\u00edn Mart\u00ednez Silva y Antonio Guisasola, Presidente y Vicepresidente de la Federaci\u00f3n de la M\u00fasica de Espa\u00f1a respectivamente, presentaban en la rueda de prensa. Resaltaban entre otras cosas, la importancia de preservar todo el tejido de trabajadores de la Industria Musical y no solo el necesario rescate de la Industria sino la oportunidad de implementar medidas que la fortalezcan para convertirse as\u00ed en un sector estrat\u00e9gico. Tambi\u00e9n se ha mencionado el Pacto de la M\u00fasica, que no es otro que la preservaci\u00f3n de los presupuestos destinados a la cultura en 2020 para que estos no se diluyan. y que se inviertan en trabajar en un plan conjunto para que la actividad no se pare.<\/p>\r\n\r\n\r\n\r\n<p>A ellos se sumaban las intervenciones de representantes de todos los subsectores de la m\u00fasica, que han presentado y detallado las medidas referentes a cada una de sus \u00e1reas: Albert Salmer\u00f3n, Presidente de APM, por parte de la m\u00fasica en vivo, quien denunciaba que adem\u00e1s de ser uno de los sectores m\u00e1s damnificados, ser\u00e1 uno de los \u00faltimos en recuperarse; Sonia Dur\u00e1n, Gerente de UFI por parte de la m\u00fasica grabada, que ha mencionado la necesidad de una reforma de la Ley de Propiedad Intelectual en la que se elimine la brecha de valor para que as\u00ed los creadores, productores y empresas implicadas puedan recibir una remuneraci\u00f3n adecuada; Josep G\u00f3mez, Presidente de AEDEM, por parte de los editores, quien ha destacado la heterogeneidad del sector y la necesidad de perimetrarlo para as\u00ed conocerlo y por tanto, valorarlo; e Iv\u00e1n Garc\u00eda-Pelayo Alvarado, Director de Relaciones Institucionales de SGAE, por parte de las entidades de gesti\u00f3n de autores, creadores e int\u00e9rpretes, que no solo se centraba en los problemas actuales sino tambi\u00e9n del lugar al que nos podemos dirigir con un modelo de transformaci\u00f3n para remodelar el sector, entre otras cosas, con la generaci\u00f3n de una base tecnol\u00f3gica que ayude a sentar las bases de una nueva forma de transmisi\u00f3n de conocimiento.<\/p>\r\n\r\n\r\n\r\n<p><strong>Los objetivos estrat\u00e9gicos que han inspirado las 15 medidas propuestas por Es_M\u00fasica son los siguientes:<\/strong><\/p>\r\n\r\n\r\n\r\n<ul class=\"wp-block-list\">\r\n<li>\u2013 Mejorar el marco normativo y crecimiento para las actividades de la m\u00fasica en vivo y dem\u00e1s actividades relacionadas.<\/li>\r\n<li>\u2013 Reducir la enorme dependencia de la m\u00fasica en directo, mejorando las perspectivas y potenciando la m\u00fasica grabada y explotaci\u00f3n de derechos de Propiedad Intelectual.<\/li>\r\n<li>\u2013 Desarrollar un plan de empleabilidad y talento humano en las actividades musicales.<\/li>\r\n<li>\u2013 Avanzar hacia la igualdad efectiva y eliminar la brecha de g\u00e9nero en el sector.<\/li>\r\n<li>\u2013 Innovar y establecer planes para mejorar la competitividad dentro y fuera de la industria: digitalizaci\u00f3n, transformaci\u00f3n, sostenibilidad y modernizaci\u00f3n.<\/li>\r\n<li>\u2013 Internacionalizar a los artistas, los profesionales y las empresas de la industria musical espa\u00f1ola.<\/li>\r\n<\/ul>\r\n\r\n\r\n\r\n<p>Las 15 medidas planteadas por Es_M\u00fasica tienen una vocaci\u00f3n propositiva y est\u00e1n dise\u00f1adas desde una visi\u00f3n global de la m\u00fasica como industria, en todas sus vertientes: m\u00fasica en directo, m\u00fasica grabada y composiciones. Suponen una soluci\u00f3n tanto para las urgencias a corto plazo de trabajadores, profesionales y empresas de la m\u00fasica, como para el desarrollo a largo plazo de una industria musical espa\u00f1ola fortalecida y m\u00e1s competitiva.<\/p>\r\n\r\n\r\n\r\n<p><strong>Medidas urgentes para el sector de la m\u00fasica en el corto plazo<\/strong><\/p>\r\n\r\n\r\n\r\n<p>Entre las medidas que permitan la recuperaci\u00f3n del sector y retomar la actividad en el corto plazo, est\u00e1 la de garantizar unos criterios unificados para la celebraci\u00f3n de conciertos en contexto COVID19 con mejores condiciones de aforos dada la ejemplaridad en seguridad sanitaria demostrada por la m\u00fasica en vivo, con base en la gu\u00eda \u201cDirectrices y recomendaciones para la celebraci\u00f3n de Eventos y Espect\u00e1culos en Contexto COVID19\u201d (publicada en septiembre de 2020 por Es_M\u00fasica). Otra soluci\u00f3n pr\u00e1ctica y efectiva (y que no supone incremento de gasto p\u00fablico) es la puesta en marcha del Pacto de la M\u00fasica, un acuerdo en el que participen gobierno, comunidades aut\u00f3nomas y ayuntamientos para articular condiciones del gasto previsto para espect\u00e1culos musicales en los presupuestos de 2021 de las administraciones p\u00fablicas, como herramienta para canalizar y optimizar la contrataci\u00f3n a futuro. Desde Es_M\u00fasica consideramos vital la conservaci\u00f3n y desarrollo del Capital Humano en la industria de la m\u00fasica (autores, m\u00fasicos, t\u00e9cnicos, agentes, productores, promotores, gestores de salas de conciertos, grandes recintos, emprendedores,\u2026), mediante un plan que fomente utilizar el tiempo de par\u00f3n de actividad para estudiar y formarse, junto al establecimiento de una renta b\u00e1sica asociada a la realizaci\u00f3n de estas acciones formativas por personas sin ingresos.<\/p>\r\n\r\n\r\n\r\n<p>Tambi\u00e9n es necesario establecer una serie de medidas de contingencia para Festivales, Salas de Conciertos, Grandes Recintos y Giras ante las circunstancias adversas que previsiblemente se mantendr\u00e1n en 2021: devoluci\u00f3n masiva de entradas para eventos reprogramados y que no pueden realizarse, nuevas ayudas econ\u00f3micas excepcionales para sostenimiento de n\u00f3minas y estructuras empresariales, as\u00ed como impulsar un bono cultural para fomentar el consumo de m\u00fasica en todas sus manifestaciones.<\/p>\r\n\r\n\r\n\r\n<p>Asimismo, se solicita al Gobierno estatal la declaraci\u00f3n de la Cultura como bien esencial, con menci\u00f3n expresa a la M\u00fasica, pues su car\u00e1cter esencial supondr\u00e1 un mayor protecci\u00f3n y que la cultura pueda seguir activa incluso en fases de m\u00e1ximas restricciones sanitarias al considerarse como actividades prioritarias dentro de nuestra sociedad.<\/p>\r\n\r\n\r\n\r\n<p><strong>Medidas esenciales para el futuro de la industria m\u00fasica espa\u00f1ola<\/strong><\/p>\r\n\r\n\r\n\r\n<p>Por otro lado, entre las 15 medidas tambi\u00e9n encontramos un bloque de soluciones a largo plazo que permitan dotar a la m\u00fasica como industria de un marco normativo m\u00e1s adecuado, e impulsar su transformaci\u00f3n hacia un sector m\u00e1s competitivo. Uno de los objetivos es ampliar y fortalecer fuentes de ingresos complementarios al directo para los creadores, profesionales y empresas del sector musical. Para ello, se propone que una inversi\u00f3n m\u00ednima del ente p\u00fablico de Radio Televisi\u00f3n Espa\u00f1ola de 20 millones de euros para contenidos musicales para 2021, que impliquen la contrataci\u00f3n de artistas, t\u00e9cnicos, profesionales y compa\u00f1\u00edas del sector (fonogr\u00e1ficas, Management y editoriales). Adem\u00e1s, y para lograr una equiparaci\u00f3n con el cine, establecer una inversi\u00f3n necesaria para las televisiones de un porcentaje de sus beneficios destinados a la producci\u00f3n de contenidos de car\u00e1cter musical. Otra fuente de ingresos clave para el sector de la m\u00fasica llegar\u00e1 desde las grandes plataformas de Internet una vez se produzca la trasposici\u00f3n de la Directiva europea con la que se eliminar\u00e1 la brecha de valor respecto a lo que vienen recibiendo creadores, productores y empresas del sector por el uso de su m\u00fasica.<\/p>\r\n\r\n\r\n\r\n<p>Desde Es_M\u00fasica tambi\u00e9n se propone un marco fiscal adaptado a la realidad del sector musical, con algunas medidas transitorias para compensar la reducci\u00f3n de aforos durante la pandemia, as\u00ed como la mejora de ciertos incentivos fiscales que impulsen actividades relacionadas con la m\u00fasica como sector estrat\u00e9gico y de futuro.<\/p>\r\n\r\n\r\n\r\n<p>Otra medida para la reconstrucci\u00f3n y transformaci\u00f3n del sector es la puesta en marcha de la plataforma digital Es_M\u00fasica de una plataforma digital para identificar toda la cadena de valor que conforma la industria de la m\u00fasica y avanzar en los retos del sector de la m\u00fasica en torno a 5 ejes: profesionalizaci\u00f3n, emprendimiento, innovaci\u00f3n, desarrollo de talento e internacionalizaci\u00f3n. La Federaci\u00f3n Es_M\u00fasica tambi\u00e9n trabajar\u00e1 para que la Industria Musical tenga un papel destacado en el Plan Nacional de Recuperaci\u00f3n, Transformaci\u00f3n y Resiliencia, mediante l\u00edneas de proyectos espec\u00edficas para los objetivos de futuro del sector de la m\u00fasica de Espa\u00f1a, y especialmente con una total disposici\u00f3n por Es_M\u00fasica para colaborar con el Ministerio de Cultura y con otros poderes p\u00fablicos implicados en la gesti\u00f3n de los fondos europeos Next Generation EU. Para ello, se crear\u00e1 el Fondo de la M\u00fasica, como entidad destinada a colaborar en definici\u00f3n, gesti\u00f3n y seguimiento de ayudas econ\u00f3micas e iniciativas de mecenazgo en el sector de la m\u00fasica.<\/p>\r\n\r\n\r\n\r\n<p>Tambi\u00e9n se considera esencial por Es_M\u00fasica el desarrollo y aprobaci\u00f3n de la Ley de la M\u00fasica, como marco normativo clave para mejorar el tejido industrial de los profesionales y empresas que operan en la industria musical espa\u00f1ola. Con el objetivo de mejorar la seguridad jur\u00eddica de la m\u00fasica en directo, otra medida es promover una Conferencia Sectorial entre Estado y Comunidades Aut\u00f3nomas para la homogeneizaci\u00f3n de la normativa de espect\u00e1culos p\u00fablicos y salas de conciertos. Por otro lado, resulta imprescindible integrar la realidad del funcionamiento de la m\u00fasica en vivo en el futuro desarrollo del Estatuto del Artista. Y eliminar la precariedad end\u00e9mica de artistas y profesionales del sector mediante un sistema espec\u00edfico de Seguridad Social adaptado a las condiciones de intermitencia de las actividades relacionadas con la m\u00fasica y espect\u00e1culos.<\/p>\r\n\r\n\r\n\r\n<p>El documento de 15 medidas propuesto por Es_M\u00fasica se cierra con el Plan estrat\u00e9gico de comunicaci\u00f3n, promoci\u00f3n y marketing de la industria de la m\u00fasica, una medida que tiene un marcado car\u00e1cter transversal al resto de medidas, ya que Es_M\u00fasica considera absolutamente vital para el futuro del sector emprender una comunicaci\u00f3n para generar confianza sobre la #CulturaSegura y, con un enfoque a largo plazo, para sensibilizar a la sociedad acerca del valor de la m\u00fasica, para crear nuevos p\u00fablicos, aumentar el consumo de m\u00fasica y para el reconocimiento de salas de conciertos y los grandes recintos como espacios culturales.<\/p>\r\n\r\n\r\n\r\n<p>Este es el listado de las\u00a0<strong>15 MEDIDAS ESENCIALES Y URGENTES PARA LA REACTIVACI\u00d3N DE LA INDUSTRIA MUSICAL:<\/strong><\/p>\r\n\r\n\r\n\r\n<ol class=\"wp-block-list\">\r\n<li>Permitir la celebraci\u00f3n de conciertos seguros en 2021 con criterios unificados para el contexto COVID19<\/li>\r\n<li>Puesta en marcha del Pacto de la M\u00fasica de Espa\u00f1a<\/li>\r\n<li>Medidas URGENTES de Contingencia para Festivales, Salas de Conciertos, Grandes Recintos y Giras en 2021<\/li>\r\n<li>Plan espec\u00edfico de conservaci\u00f3n y desarrollo del Capital Humano en la industria de la m\u00fasica.<\/li>\r\n<li>Declaraci\u00f3n de la Cultura (y la M\u00fasica) como bien esencial<\/li>\r\n<li>Inversi\u00f3n en m\u00fasica por las televisiones<\/li>\r\n<li>Eliminar la brecha de valor en los ingresos del entorno digital (Value Gap)<\/li>\r\n<li>Marco Fiscal Espec\u00edfico de la M\u00fasica<\/li>\r\n<li>Plataforma digital Es_M\u00fasica<\/li>\r\n<li>Ayudas Next Generation EU y Fondo de la M\u00fasica<\/li>\r\n<li>Aprobaci\u00f3n de la Ley de la M\u00fasica<\/li>\r\n<li>Conferencia Sectorial entre Estado y Comunidades Aut\u00f3nomas para la homogeneizaci\u00f3n de la normativa de espect\u00e1culos p\u00fablicos.<\/li>\r\n<li>Actualizaci\u00f3n del Real Decreto 1435\/1985 e incorporaci\u00f3n de las particularidades de la m\u00fasica en el Estatuto de la Industria Cultural (Estatuto del Artista)<\/li>\r\n<li>Sistema de Seguridad Social para trabajadores de la m\u00fasica<\/li>\r\n<li>Plan estrat\u00e9gico de comunicaci\u00f3n, promoci\u00f3n y marketing de la industria de la m\u00fasica liderado por el Ministerio de Cultura y Es_M\u00fasica<\/li>\r\n<\/ol>\r\n\r\n\r\n\r\n<p>Puedes consultar \u00edntegramente las 15 medidas propuestas por Es_M\u00fasica en el documento adjunto<\/p>\r\n\r\n\r\n\r\n<figure class=\"wp-block-image size-large\"><img loading=\"lazy\" decoding=\"async\" width=\"724\" height=\"1024\" class=\"wp-image-44\" src=\"https:\/\/esmusica.org\/blog\/wp-content\/uploads\/2020\/12\/15-MEDIDAS-ES_MU\u0301SICA-724x1024.jpg\" alt=\"\" srcset=\"https:\/\/esmusica.org\/blog\/wp-content\/uploads\/2020\/12\/15-MEDIDAS-ES_MU\u0301SICA-724x1024.jpg 724w, https:\/\/esmusica.org\/blog\/wp-content\/uploads\/2020\/12\/15-MEDIDAS-ES_MU\u0301SICA-212x300.jpg 212w, https:\/\/esmusica.org\/blog\/wp-content\/uploads\/2020\/12\/15-MEDIDAS-ES_MU\u0301SICA-768x1086.jpg 768w, https:\/\/esmusica.org\/blog\/wp-content\/uploads\/2020\/12\/15-MEDIDAS-ES_MU\u0301SICA-1086x1536.jpg 1086w, https:\/\/esmusica.org\/blog\/wp-content\/uploads\/2020\/12\/15-MEDIDAS-ES_MU\u0301SICA.jpg 1414w\" sizes=\"auto, (max-width: 724px) 100vw, 724px\" \/><\/figure>\r\n\r\n\r\n\r\n<p>&nbsp;<\/p>\r\n","protected":false},"excerpt":{"rendered":"<div class=\"mh-excerpt\"><p>QUE NO PARE LA M\u00daSICALa Federaci\u00f3n de la M\u00fasica en Espa\u00f1a ES_M\u00fasica presenta las15 MEDIDAS ESENCIALES Y URGENTES PARALA REACTIVACI\u00d3N DE LA INDUSTRIA MUSICAL Es_M\u00fasica <a class=\"mh-excerpt-more\" href=\"https:\/\/esmusica.org\/blog\/es_musica-presenta-15-medidas-esenciales-y-urgentes-para-la-reactivacion-de-la-industria-musical\/\" title=\"ES_M\u00fasica PRESENTA 15 MEDIDAS ESENCIALES Y URGENTES PARA LA REACTIVACI\u00d3N DE LA INDUSTRIA MUSICAL\">[&#8230;]<\/a><\/p>\n<\/div>","protected":false},"author":1,"featured_media":44,"comment_status":"open","ping_status":"open","sticky":false,"template":"","format":"standard","meta":{"footnotes":""},"categories":[1],"tags":[],"class_list":["post-43","post","type-post","status-publish","format-standard","has-post-thumbnail","hentry","category-sin-categoria"],"_links":{"self":[{"href":"https:\/\/esmusica.org\/blog\/wp-json\/wp\/v2\/posts\/43","targetHints":{"allow":["GET"]}}],"collection":[{"href":"https:\/\/esmusica.org\/blog\/wp-json\/wp\/v2\/posts"}],"about":[{"href":"https:\/\/esmusica.org\/blog\/wp-json\/wp\/v2\/types\/post"}],"author":[{"embeddable":true,"href":"https:\/\/esmusica.org\/blog\/wp-json\/wp\/v2\/users\/1"}],"replies":[{"embeddable":true,"href":"https:\/\/esmusica.org\/blog\/wp-json\/wp\/v2\/comments?post=43"}],"version-history":[{"count":5,"href":"https:\/\/esmusica.org\/blog\/wp-json\/wp\/v2\/posts\/43\/revisions"}],"predecessor-version":[{"id":63,"href":"https:\/\/esmusica.org\/blog\/wp-json\/wp\/v2\/posts\/43\/revisions\/63"}],"wp:featuredmedia":[{"embeddable":true,"href":"https:\/\/esmusica.org\/blog\/wp-json\/wp\/v2\/media\/44"}],"wp:attachment":[{"href":"https:\/\/esmusica.org\/blog\/wp-json\/wp\/v2\/media?parent=43"}],"wp:term":[{"taxonomy":"category","embeddable":true,"href":"https:\/\/esmusica.org\/blog\/wp-json\/wp\/v2\/categories?post=43"},{"taxonomy":"post_tag","embeddable":true,"href":"https:\/\/esmusica.org\/blog\/wp-json\/wp\/v2\/tags?post=43"}],"curies":[{"name":"wp","href":"https:\/\/api.w.org\/{rel}","templated":true}]}}