{"id":88,"date":"2021-03-12T17:50:51","date_gmt":"2021-03-12T17:50:51","guid":{"rendered":"https:\/\/esmusica.org\/blog\/?p=88"},"modified":"2021-03-12T17:52:17","modified_gmt":"2021-03-12T17:52:17","slug":"ministerio-cultura-compromiso-esmusica-ayudas-pandemia-unificacion-protocolos-sanitarios-conciertos","status":"publish","type":"post","link":"https:\/\/esmusica.org\/blog\/ministerio-cultura-compromiso-esmusica-ayudas-pandemia-unificacion-protocolos-sanitarios-conciertos\/","title":{"rendered":"Compromiso del Ministerio de Cultura con Es_M\u00fasica para incluir al sector de la m\u00fasica en las ayudas extraordinarias por la pandemia y unificaci\u00f3n de criterios sanitarios en conciertos"},"content":{"rendered":"<p><span style=\"font-weight: 400;\">Hoy viernes 12 de marzo de 2021 la Federaci\u00f3n de la M\u00fasica de Espa\u00f1a Es_M\u00fasica ha mantenido una reuni\u00f3n con el gabinete del Ministerio de Cultura, INAEM y Direcci\u00f3n de Industrias Culturales. En dicha reuni\u00f3n, Es_M\u00fasica ha trasladado su Plan de Contingencias para la Reactivaci\u00f3n de la M\u00fasica en Vivo, consiguiendo que el Ministerio de Cultura se comprometa a lo siguiente:<\/span><\/p>\n<ul>\n<li><span style=\"font-weight: 400;\">Incluir al sector de la m\u00fasica en el paquete de <\/span><b>ayudas directas extraordinarias <\/b><span style=\"font-weight: 400;\">para paliar las p\u00e9rdidas por COVID19 (respecto al paquete de 11.000 millones).\u00a0<\/span><\/li>\n<li style=\"font-weight: 400;\" aria-level=\"1\"><span style=\"font-weight: 400;\">Unificar los <\/span><b>criterios de aforos y protocolos sanitarios<\/b><span style=\"font-weight: 400;\"> para la realizaci\u00f3n de conciertos y festivales. Para ello, se va a poner en marcha una mesa de trabajo interterritorial para la unificaci\u00f3n de criterios entre todas las comunidades aut\u00f3nomas, con la participaci\u00f3n de Es_M\u00fasica como representante del sector de la m\u00fasica.<\/span><\/li>\n<li style=\"font-weight: 400;\" aria-level=\"1\"><span style=\"font-weight: 400;\">Estudiar la creaci\u00f3n de un <\/span><b>fondo de compensaci\u00f3n<\/b><span style=\"font-weight: 400;\"> para posibles cancelaciones por la pandemia.<\/span><\/li>\n<li style=\"font-weight: 400;\" aria-level=\"1\"><span style=\"font-weight: 400;\">Impulso del <\/span><b>Hub de la M\u00fasica<\/b><span style=\"font-weight: 400;\"> y mejora del actual marco normativo aplicable a nuestro sector.\u00a0<\/span><\/li>\n<\/ul>\n<p><span style=\"font-weight: 400;\">Para la elaboraci\u00f3n del Plan de Contingencias para la Reactivaci\u00f3n de la M\u00fasica en Vivo se ha conseguido un consenso total en el seno de Es_M\u00fasica por parte de promotores, representantes, festivales, salas de conciertos, orquestas, empresas de fiestas populares y otros profesionales del sector.<\/span><\/p>\n<p>&nbsp;<\/p>\n","protected":false},"excerpt":{"rendered":"<div class=\"mh-excerpt\"><p>Hoy viernes 12 de marzo de 2021 la Federaci\u00f3n de la M\u00fasica de Espa\u00f1a Es_M\u00fasica ha mantenido una reuni\u00f3n con el gabinete del Ministerio de <a class=\"mh-excerpt-more\" href=\"https:\/\/esmusica.org\/blog\/ministerio-cultura-compromiso-esmusica-ayudas-pandemia-unificacion-protocolos-sanitarios-conciertos\/\" title=\"Compromiso del Ministerio de Cultura con Es_M\u00fasica para incluir al sector de la m\u00fasica en las ayudas extraordinarias por la pandemia y unificaci\u00f3n de criterios sanitarios en conciertos\">[&#8230;]<\/a><\/p>\n<\/div>","protected":false},"author":1,"featured_media":90,"comment_status":"open","ping_status":"open","sticky":false,"template":"","format":"standard","meta":{"footnotes":""},"categories":[1],"tags":[17,15,3,19,18,11,16],"class_list":["post-88","post","type-post","status-publish","format-standard","has-post-thumbnail","hentry","category-sin-categoria","tag-aforos-conciertos-covid19","tag-ayudas-sector-musica","tag-covid19","tag-fondo-compensacion-festivales","tag-medidas-sanitarias-festivales-musica","tag-ministerio-cultura","tag-protocolos-sanitarios-conciertos"],"_links":{"self":[{"href":"https:\/\/esmusica.org\/blog\/wp-json\/wp\/v2\/posts\/88","targetHints":{"allow":["GET"]}}],"collection":[{"href":"https:\/\/esmusica.org\/blog\/wp-json\/wp\/v2\/posts"}],"about":[{"href":"https:\/\/esmusica.org\/blog\/wp-json\/wp\/v2\/types\/post"}],"author":[{"embeddable":true,"href":"https:\/\/esmusica.org\/blog\/wp-json\/wp\/v2\/users\/1"}],"replies":[{"embeddable":true,"href":"https:\/\/esmusica.org\/blog\/wp-json\/wp\/v2\/comments?post=88"}],"version-history":[{"count":5,"href":"https:\/\/esmusica.org\/blog\/wp-json\/wp\/v2\/posts\/88\/revisions"}],"predecessor-version":[{"id":95,"href":"https:\/\/esmusica.org\/blog\/wp-json\/wp\/v2\/posts\/88\/revisions\/95"}],"wp:featuredmedia":[{"embeddable":true,"href":"https:\/\/esmusica.org\/blog\/wp-json\/wp\/v2\/media\/90"}],"wp:attachment":[{"href":"https:\/\/esmusica.org\/blog\/wp-json\/wp\/v2\/media?parent=88"}],"wp:term":[{"taxonomy":"category","embeddable":true,"href":"https:\/\/esmusica.org\/blog\/wp-json\/wp\/v2\/categories?post=88"},{"taxonomy":"post_tag","embeddable":true,"href":"https:\/\/esmusica.org\/blog\/wp-json\/wp\/v2\/tags?post=88"}],"curies":[{"name":"wp","href":"https:\/\/api.w.org\/{rel}","templated":true}]}}